{"id":1270,"date":"2025-05-06T13:50:23","date_gmt":"2025-05-06T11:50:23","guid":{"rendered":"https:\/\/mercatdesantacatalina.com\/?p=1270"},"modified":"2025-06-17T11:17:29","modified_gmt":"2025-06-17T09:17:29","slug":"avesa-carnisseria","status":"publish","type":"post","link":"https:\/\/mercatdesantacatalina.com\/ca\/avesa-carnisseria\/","title":{"rendered":"Avesa Carnisseria Selecta"},"content":{"rendered":"\n<h2 class=\"wp-block-heading\">Dades de contacte<\/h2>\n\n\n\n<figure class=\"wp-block-table\"><table><tbody><tr><td><strong>Parades<\/strong><\/td><td><a href=\"https:\/\/mercatdesantacatalina.com\/wp-content\/uploads\/2025\/06\/Ubica-ES-Agranel-Avesa-TopTin-Ramon.gif\" target=\"_blank\" rel=\"noreferrer noopener\">88-90<\/a><\/td><\/tr><tr><td><strong>Tel.<\/strong><\/td><td><a href=\"tel:+34971452899\" target=\"_blank\" rel=\"noreferrer noopener nofollow\">+34 971 452 899<\/a> \/ <a href=\"tel:+34699307037\" target=\"_blank\" rel=\"noreferrer noopener nofollow\">+34 699 307 037<\/a> (solo WhatsApp)<\/td><\/tr><tr><td><strong>Website<\/strong><\/td><td><a href=\"http:\/\/www.avesacarniceria.com\/\" target=\"_blank\" rel=\"noreferrer noopener\">http:\/\/www.avesacarniceria.com\/<\/a><\/td><\/tr><tr><td><strong>Email<\/strong><\/td><td><a href=\"mailto:carniceriaavesa@hotmail.com\" target=\"_blank\" rel=\"noreferrer noopener nofollow\">carniceriaavesa@hotmail.com<\/a><\/td><\/tr><tr><td><strong>IG<\/strong><\/td><td><a href=\"https:\/\/www.instagram.com\/carniceriaavesa\/\" target=\"_blank\" rel=\"noreferrer noopener\">@carniceriaavesa<\/a><\/td><\/tr><tr><td><strong>FB<\/strong><\/td><td><a href=\"https:\/\/www.facebook.com\/AVESA-1543949822526299\/\" target=\"_blank\" rel=\"noreferrer noopener\">AVESA<\/a><\/td><\/tr><\/tbody><\/table><\/figure>\n\n\n\n<h2 class=\"wp-block-heading\">Descripci\u00f3<\/h2>\n\n\n\n<p>Carnisseria boutique del Mercat de Santa Catalina; a m\u00e9s de la carnisseria tradicional al tall, s&#8217;hi poden trobar tamb\u00e9 productes gourmet i complements per al menjar. A m\u00e9s, s&#8217;ofereix la possibilitat d&#8217;emportar-se la carn a casa en paquets envasats al buit, cosa que us permetr\u00e0 conservar-la a la nevera durant m\u00e9s de temps mantenint en tot moment l&#8217;excel\u00b7lent qualitat. Ideal per a iots, excursions, casa de camp o per les compres de la setmana.<\/p>\n\n\n\n<p>Disposen de la selecci\u00f3 cl\u00e0ssica de vedella, porc i xot mallorqu\u00ed, juntament amb aus de primera qualitat i carns selectes com Black Angus, Kobe, porc ib\u00e8ric, salsitxes, cua de toro i botifarres catalanes. I potencien la desfeta pr\u00f2pia de la carn, que aporta aquest toc personalitzat al tall.<\/p>\n\n\n\n<h2 class=\"wp-block-heading\">Galeria<\/h2>\n\n\n\n<figure class=\"wp-block-gallery has-nested-images columns-2 is-cropped wp-block-gallery-1 is-layout-flex wp-block-gallery-is-layout-flex\">\n<figure class=\"wp-block-image size-full\"><a href=\"https:\/\/mercatdesantacatalina.com\/wp-content\/uploads\/2025\/04\/Avesa-ANT-20.jpg\"><img loading=\"lazy\" decoding=\"async\" width=\"667\" height=\"1000\" data-id=\"1145\" src=\"https:\/\/mercatdesantacatalina.com\/wp-content\/uploads\/2025\/04\/Avesa-ANT-20.jpg\" alt=\"Avesa Carnicer\u00eda (Mercat Santa Catalina)\" class=\"wp-image-1145\" srcset=\"https:\/\/mercatdesantacatalina.com\/wp-content\/uploads\/2025\/04\/Avesa-ANT-20.jpg 667w, https:\/\/mercatdesantacatalina.com\/wp-content\/uploads\/2025\/04\/Avesa-ANT-20-200x300.jpg 200w, https:\/\/mercatdesantacatalina.com\/wp-content\/uploads\/2025\/04\/Avesa-ANT-20-660x990.jpg 660w\" sizes=\"auto, (max-width: 667px) 100vw, 667px\" \/><\/a><\/figure>\n\n\n\n<figure class=\"wp-block-image size-full\"><a href=\"https:\/\/mercatdesantacatalina.com\/wp-content\/uploads\/2025\/04\/Avesa-255.jpg\"><img loading=\"lazy\" decoding=\"async\" width=\"1024\" height=\"683\" data-id=\"1103\" src=\"https:\/\/mercatdesantacatalina.com\/wp-content\/uploads\/2025\/04\/Avesa-255.jpg\" alt=\"Avesa Carnicer\u00eda (Mercat Santa Catalina)\" class=\"wp-image-1103\" srcset=\"https:\/\/mercatdesantacatalina.com\/wp-content\/uploads\/2025\/04\/Avesa-255.jpg 1024w, https:\/\/mercatdesantacatalina.com\/wp-content\/uploads\/2025\/04\/Avesa-255-300x200.jpg 300w, https:\/\/mercatdesantacatalina.com\/wp-content\/uploads\/2025\/04\/Avesa-255-768x512.jpg 768w, https:\/\/mercatdesantacatalina.com\/wp-content\/uploads\/2025\/04\/Avesa-255-660x440.jpg 660w, https:\/\/mercatdesantacatalina.com\/wp-content\/uploads\/2025\/04\/Avesa-255-1000x667.jpg 1000w, https:\/\/mercatdesantacatalina.com\/wp-content\/uploads\/2025\/04\/Avesa-255-373x248.jpg 373w\" sizes=\"auto, (max-width: 1024px) 100vw, 1024px\" \/><\/a><\/figure>\n\n\n\n<figure class=\"wp-block-image size-full\"><a href=\"https:\/\/mercatdesantacatalina.com\/wp-content\/uploads\/2025\/04\/Avesa-ANT-11.jpg\"><img loading=\"lazy\" decoding=\"async\" width=\"667\" height=\"1000\" data-id=\"1130\" src=\"https:\/\/mercatdesantacatalina.com\/wp-content\/uploads\/2025\/04\/Avesa-ANT-11.jpg\" alt=\"Avesa Carnicer\u00eda (Mercat Santa Catalina)\" class=\"wp-image-1130\" srcset=\"https:\/\/mercatdesantacatalina.com\/wp-content\/uploads\/2025\/04\/Avesa-ANT-11.jpg 667w, https:\/\/mercatdesantacatalina.com\/wp-content\/uploads\/2025\/04\/Avesa-ANT-11-200x300.jpg 200w, https:\/\/mercatdesantacatalina.com\/wp-content\/uploads\/2025\/04\/Avesa-ANT-11-660x990.jpg 660w\" sizes=\"auto, (max-width: 667px) 100vw, 667px\" \/><\/a><\/figure>\n\n\n\n<figure class=\"wp-block-image size-full\"><a href=\"https:\/\/mercatdesantacatalina.com\/wp-content\/uploads\/2025\/04\/Avesa-ANT-22.jpg\"><img loading=\"lazy\" decoding=\"async\" width=\"667\" height=\"1000\" data-id=\"1151\" src=\"https:\/\/mercatdesantacatalina.com\/wp-content\/uploads\/2025\/04\/Avesa-ANT-22.jpg\" alt=\"Avesa Carnicer\u00eda (Mercat Santa Catalina)\" class=\"wp-image-1151\" srcset=\"https:\/\/mercatdesantacatalina.com\/wp-content\/uploads\/2025\/04\/Avesa-ANT-22.jpg 667w, https:\/\/mercatdesantacatalina.com\/wp-content\/uploads\/2025\/04\/Avesa-ANT-22-200x300.jpg 200w, https:\/\/mercatdesantacatalina.com\/wp-content\/uploads\/2025\/04\/Avesa-ANT-22-660x990.jpg 660w\" sizes=\"auto, (max-width: 667px) 100vw, 667px\" \/><\/a><\/figure>\n\n\n\n<figure class=\"wp-block-image size-full\"><a href=\"https:\/\/mercatdesantacatalina.com\/wp-content\/uploads\/2025\/04\/Avesa-261.jpg\"><img loading=\"lazy\" decoding=\"async\" width=\"1024\" height=\"683\" data-id=\"1106\" src=\"https:\/\/mercatdesantacatalina.com\/wp-content\/uploads\/2025\/04\/Avesa-261.jpg\" alt=\"Avesa Carnicer\u00eda (Mercat Santa Catalina)\" class=\"wp-image-1106\" srcset=\"https:\/\/mercatdesantacatalina.com\/wp-content\/uploads\/2025\/04\/Avesa-261.jpg 1024w, https:\/\/mercatdesantacatalina.com\/wp-content\/uploads\/2025\/04\/Avesa-261-300x200.jpg 300w, https:\/\/mercatdesantacatalina.com\/wp-content\/uploads\/2025\/04\/Avesa-261-768x512.jpg 768w, https:\/\/mercatdesantacatalina.com\/wp-content\/uploads\/2025\/04\/Avesa-261-660x440.jpg 660w, https:\/\/mercatdesantacatalina.com\/wp-content\/uploads\/2025\/04\/Avesa-261-1000x667.jpg 1000w, https:\/\/mercatdesantacatalina.com\/wp-content\/uploads\/2025\/04\/Avesa-261-373x248.jpg 373w\" sizes=\"auto, (max-width: 1024px) 100vw, 1024px\" \/><\/a><\/figure>\n\n\n\n<figure class=\"wp-block-image size-full\"><a href=\"https:\/\/mercatdesantacatalina.com\/wp-content\/uploads\/2025\/04\/Avesa-254.jpg\"><img loading=\"lazy\" decoding=\"async\" width=\"667\" height=\"1001\" data-id=\"1100\" src=\"https:\/\/mercatdesantacatalina.com\/wp-content\/uploads\/2025\/04\/Avesa-254.jpg\" alt=\"Avesa Carnicer\u00eda (Mercat Santa Catalina)\" class=\"wp-image-1100\" srcset=\"https:\/\/mercatdesantacatalina.com\/wp-content\/uploads\/2025\/04\/Avesa-254.jpg 667w, https:\/\/mercatdesantacatalina.com\/wp-content\/uploads\/2025\/04\/Avesa-254-200x300.jpg 200w, https:\/\/mercatdesantacatalina.com\/wp-content\/uploads\/2025\/04\/Avesa-254-660x990.jpg 660w\" sizes=\"auto, (max-width: 667px) 100vw, 667px\" \/><\/a><\/figure>\n\n\n\n<figure class=\"wp-block-image size-full\"><a href=\"https:\/\/mercatdesantacatalina.com\/wp-content\/uploads\/2025\/04\/Avesa-ANT-24.jpg\"><img loading=\"lazy\" decoding=\"async\" width=\"1024\" height=\"683\" data-id=\"1157\" src=\"https:\/\/mercatdesantacatalina.com\/wp-content\/uploads\/2025\/04\/Avesa-ANT-24.jpg\" alt=\"Avesa Carnicer\u00eda (Mercat Santa Catalina)\" class=\"wp-image-1157\" srcset=\"https:\/\/mercatdesantacatalina.com\/wp-content\/uploads\/2025\/04\/Avesa-ANT-24.jpg 1024w, https:\/\/mercatdesantacatalina.com\/wp-content\/uploads\/2025\/04\/Avesa-ANT-24-300x200.jpg 300w, https:\/\/mercatdesantacatalina.com\/wp-content\/uploads\/2025\/04\/Avesa-ANT-24-768x512.jpg 768w, https:\/\/mercatdesantacatalina.com\/wp-content\/uploads\/2025\/04\/Avesa-ANT-24-660x440.jpg 660w, https:\/\/mercatdesantacatalina.com\/wp-content\/uploads\/2025\/04\/Avesa-ANT-24-1000x667.jpg 1000w, https:\/\/mercatdesantacatalina.com\/wp-content\/uploads\/2025\/04\/Avesa-ANT-24-373x248.jpg 373w\" sizes=\"auto, (max-width: 1024px) 100vw, 1024px\" \/><\/a><\/figure>\n\n\n\n<figure class=\"wp-block-image size-full\"><a href=\"https:\/\/mercatdesantacatalina.com\/wp-content\/uploads\/2025\/04\/Avesa-ANT-23.jpg\"><img loading=\"lazy\" decoding=\"async\" width=\"1024\" height=\"683\" data-id=\"1154\" src=\"https:\/\/mercatdesantacatalina.com\/wp-content\/uploads\/2025\/04\/Avesa-ANT-23.jpg\" alt=\"Avesa Carnicer\u00eda (Mercat Santa Catalina)\" class=\"wp-image-1154\" srcset=\"https:\/\/mercatdesantacatalina.com\/wp-content\/uploads\/2025\/04\/Avesa-ANT-23.jpg 1024w, https:\/\/mercatdesantacatalina.com\/wp-content\/uploads\/2025\/04\/Avesa-ANT-23-300x200.jpg 300w, https:\/\/mercatdesantacatalina.com\/wp-content\/uploads\/2025\/04\/Avesa-ANT-23-768x512.jpg 768w, https:\/\/mercatdesantacatalina.com\/wp-content\/uploads\/2025\/04\/Avesa-ANT-23-660x440.jpg 660w, https:\/\/mercatdesantacatalina.com\/wp-content\/uploads\/2025\/04\/Avesa-ANT-23-1000x667.jpg 1000w, https:\/\/mercatdesantacatalina.com\/wp-content\/uploads\/2025\/04\/Avesa-ANT-23-373x248.jpg 373w\" sizes=\"auto, (max-width: 1024px) 100vw, 1024px\" \/><\/a><\/figure>\n\n\n\n<figure class=\"wp-block-image size-full\"><a href=\"https:\/\/mercatdesantacatalina.com\/wp-content\/uploads\/2025\/04\/Avesa-ANT-21.jpg\"><img loading=\"lazy\" decoding=\"async\" width=\"1024\" height=\"683\" data-id=\"1148\" src=\"https:\/\/mercatdesantacatalina.com\/wp-content\/uploads\/2025\/04\/Avesa-ANT-21.jpg\" alt=\"Avesa Carnicer\u00eda (Mercat Santa Catalina)\" class=\"wp-image-1148\" srcset=\"https:\/\/mercatdesantacatalina.com\/wp-content\/uploads\/2025\/04\/Avesa-ANT-21.jpg 1024w, https:\/\/mercatdesantacatalina.com\/wp-content\/uploads\/2025\/04\/Avesa-ANT-21-300x200.jpg 300w, https:\/\/mercatdesantacatalina.com\/wp-content\/uploads\/2025\/04\/Avesa-ANT-21-768x512.jpg 768w, https:\/\/mercatdesantacatalina.com\/wp-content\/uploads\/2025\/04\/Avesa-ANT-21-660x440.jpg 660w, https:\/\/mercatdesantacatalina.com\/wp-content\/uploads\/2025\/04\/Avesa-ANT-21-1000x667.jpg 1000w, https:\/\/mercatdesantacatalina.com\/wp-content\/uploads\/2025\/04\/Avesa-ANT-21-373x248.jpg 373w\" sizes=\"auto, (max-width: 1024px) 100vw, 1024px\" \/><\/a><\/figure>\n\n\n\n<figure class=\"wp-block-image size-full\"><a href=\"https:\/\/mercatdesantacatalina.com\/wp-content\/uploads\/2025\/04\/Avesa-ANT-19.jpg\"><img loading=\"lazy\" decoding=\"async\" width=\"1024\" height=\"682\" data-id=\"1142\" src=\"https:\/\/mercatdesantacatalina.com\/wp-content\/uploads\/2025\/04\/Avesa-ANT-19.jpg\" alt=\"Avesa Carnicer\u00eda (Mercat Santa Catalina)\" class=\"wp-image-1142\" srcset=\"https:\/\/mercatdesantacatalina.com\/wp-content\/uploads\/2025\/04\/Avesa-ANT-19.jpg 1024w, https:\/\/mercatdesantacatalina.com\/wp-content\/uploads\/2025\/04\/Avesa-ANT-19-300x200.jpg 300w, https:\/\/mercatdesantacatalina.com\/wp-content\/uploads\/2025\/04\/Avesa-ANT-19-768x512.jpg 768w, https:\/\/mercatdesantacatalina.com\/wp-content\/uploads\/2025\/04\/Avesa-ANT-19-660x440.jpg 660w, https:\/\/mercatdesantacatalina.com\/wp-content\/uploads\/2025\/04\/Avesa-ANT-19-1000x666.jpg 1000w, https:\/\/mercatdesantacatalina.com\/wp-content\/uploads\/2025\/04\/Avesa-ANT-19-373x248.jpg 373w\" sizes=\"auto, (max-width: 1024px) 100vw, 1024px\" \/><\/a><\/figure>\n\n\n\n<figure class=\"wp-block-image size-full\"><a href=\"https:\/\/mercatdesantacatalina.com\/wp-content\/uploads\/2025\/04\/Avesa-ANT-17.jpg\"><img loading=\"lazy\" decoding=\"async\" width=\"654\" height=\"981\" data-id=\"1139\" src=\"https:\/\/mercatdesantacatalina.com\/wp-content\/uploads\/2025\/04\/Avesa-ANT-17.jpg\" alt=\"Avesa Carnicer\u00eda (Mercat Santa Catalina)\" class=\"wp-image-1139\" srcset=\"https:\/\/mercatdesantacatalina.com\/wp-content\/uploads\/2025\/04\/Avesa-ANT-17.jpg 654w, https:\/\/mercatdesantacatalina.com\/wp-content\/uploads\/2025\/04\/Avesa-ANT-17-200x300.jpg 200w\" sizes=\"auto, (max-width: 654px) 100vw, 654px\" \/><\/a><\/figure>\n\n\n\n<figure class=\"wp-block-image size-full\"><a href=\"https:\/\/mercatdesantacatalina.com\/wp-content\/uploads\/2025\/04\/Avesa-ANT-16.jpg\"><img loading=\"lazy\" decoding=\"async\" width=\"800\" height=\"1200\" data-id=\"1136\" src=\"https:\/\/mercatdesantacatalina.com\/wp-content\/uploads\/2025\/04\/Avesa-ANT-16.jpg\" alt=\"Avesa Carnicer\u00eda (Mercat Santa Catalina)\" class=\"wp-image-1136\" srcset=\"https:\/\/mercatdesantacatalina.com\/wp-content\/uploads\/2025\/04\/Avesa-ANT-16.jpg 800w, https:\/\/mercatdesantacatalina.com\/wp-content\/uploads\/2025\/04\/Avesa-ANT-16-200x300.jpg 200w, https:\/\/mercatdesantacatalina.com\/wp-content\/uploads\/2025\/04\/Avesa-ANT-16-683x1024.jpg 683w, https:\/\/mercatdesantacatalina.com\/wp-content\/uploads\/2025\/04\/Avesa-ANT-16-768x1152.jpg 768w, https:\/\/mercatdesantacatalina.com\/wp-content\/uploads\/2025\/04\/Avesa-ANT-16-660x990.jpg 660w\" sizes=\"auto, (max-width: 800px) 100vw, 800px\" \/><\/a><\/figure>\n\n\n\n<figure class=\"wp-block-image size-full\"><a href=\"https:\/\/mercatdesantacatalina.com\/wp-content\/uploads\/2025\/04\/Avesa-ANT-13.jpg\"><img loading=\"lazy\" decoding=\"async\" width=\"960\" height=\"1440\" data-id=\"1133\" src=\"https:\/\/mercatdesantacatalina.com\/wp-content\/uploads\/2025\/04\/Avesa-ANT-13.jpg\" alt=\"Avesa Carnicer\u00eda (Mercat Santa Catalina)\" class=\"wp-image-1133\" srcset=\"https:\/\/mercatdesantacatalina.com\/wp-content\/uploads\/2025\/04\/Avesa-ANT-13.jpg 960w, https:\/\/mercatdesantacatalina.com\/wp-content\/uploads\/2025\/04\/Avesa-ANT-13-200x300.jpg 200w, https:\/\/mercatdesantacatalina.com\/wp-content\/uploads\/2025\/04\/Avesa-ANT-13-683x1024.jpg 683w, https:\/\/mercatdesantacatalina.com\/wp-content\/uploads\/2025\/04\/Avesa-ANT-13-768x1152.jpg 768w, https:\/\/mercatdesantacatalina.com\/wp-content\/uploads\/2025\/04\/Avesa-ANT-13-660x990.jpg 660w\" sizes=\"auto, (max-width: 960px) 100vw, 960px\" \/><\/a><\/figure>\n\n\n\n<figure class=\"wp-block-image size-full\"><a href=\"https:\/\/mercatdesantacatalina.com\/wp-content\/uploads\/2025\/04\/Avesa-ANT-10.jpg\"><img loading=\"lazy\" decoding=\"async\" width=\"667\" height=\"1000\" data-id=\"1127\" src=\"https:\/\/mercatdesantacatalina.com\/wp-content\/uploads\/2025\/04\/Avesa-ANT-10.jpg\" alt=\"Avesa Carnicer\u00eda (Mercat Santa Catalina)\" class=\"wp-image-1127\" srcset=\"https:\/\/mercatdesantacatalina.com\/wp-content\/uploads\/2025\/04\/Avesa-ANT-10.jpg 667w, https:\/\/mercatdesantacatalina.com\/wp-content\/uploads\/2025\/04\/Avesa-ANT-10-200x300.jpg 200w, https:\/\/mercatdesantacatalina.com\/wp-content\/uploads\/2025\/04\/Avesa-ANT-10-660x990.jpg 660w\" sizes=\"auto, (max-width: 667px) 100vw, 667px\" \/><\/a><\/figure>\n\n\n\n<figure class=\"wp-block-image size-full\"><a href=\"https:\/\/mercatdesantacatalina.com\/wp-content\/uploads\/2025\/04\/Avesa-ANT-4.jpg\"><img loading=\"lazy\" decoding=\"async\" width=\"1024\" height=\"682\" data-id=\"1124\" src=\"https:\/\/mercatdesantacatalina.com\/wp-content\/uploads\/2025\/04\/Avesa-ANT-4.jpg\" alt=\"Avesa Carnicer\u00eda (Mercat Santa Catalina)\" class=\"wp-image-1124\" srcset=\"https:\/\/mercatdesantacatalina.com\/wp-content\/uploads\/2025\/04\/Avesa-ANT-4.jpg 1024w, https:\/\/mercatdesantacatalina.com\/wp-content\/uploads\/2025\/04\/Avesa-ANT-4-300x200.jpg 300w, https:\/\/mercatdesantacatalina.com\/wp-content\/uploads\/2025\/04\/Avesa-ANT-4-768x512.jpg 768w, https:\/\/mercatdesantacatalina.com\/wp-content\/uploads\/2025\/04\/Avesa-ANT-4-660x440.jpg 660w, https:\/\/mercatdesantacatalina.com\/wp-content\/uploads\/2025\/04\/Avesa-ANT-4-1000x666.jpg 1000w, https:\/\/mercatdesantacatalina.com\/wp-content\/uploads\/2025\/04\/Avesa-ANT-4-373x248.jpg 373w\" sizes=\"auto, (max-width: 1024px) 100vw, 1024px\" \/><\/a><\/figure>\n\n\n\n<figure class=\"wp-block-image size-full\"><a href=\"https:\/\/mercatdesantacatalina.com\/wp-content\/uploads\/2025\/04\/Avesa-ANT-2.jpg\"><img loading=\"lazy\" decoding=\"async\" width=\"1024\" height=\"682\" data-id=\"1121\" src=\"https:\/\/mercatdesantacatalina.com\/wp-content\/uploads\/2025\/04\/Avesa-ANT-2.jpg\" alt=\"Avesa Carnicer\u00eda (Mercat Santa Catalina)\" class=\"wp-image-1121\" srcset=\"https:\/\/mercatdesantacatalina.com\/wp-content\/uploads\/2025\/04\/Avesa-ANT-2.jpg 1024w, https:\/\/mercatdesantacatalina.com\/wp-content\/uploads\/2025\/04\/Avesa-ANT-2-300x200.jpg 300w, https:\/\/mercatdesantacatalina.com\/wp-content\/uploads\/2025\/04\/Avesa-ANT-2-768x512.jpg 768w, https:\/\/mercatdesantacatalina.com\/wp-content\/uploads\/2025\/04\/Avesa-ANT-2-660x440.jpg 660w, https:\/\/mercatdesantacatalina.com\/wp-content\/uploads\/2025\/04\/Avesa-ANT-2-1000x666.jpg 1000w, https:\/\/mercatdesantacatalina.com\/wp-content\/uploads\/2025\/04\/Avesa-ANT-2-373x248.jpg 373w\" sizes=\"auto, (max-width: 1024px) 100vw, 1024px\" \/><\/a><\/figure>\n\n\n\n<figure class=\"wp-block-image size-full\"><a href=\"https:\/\/mercatdesantacatalina.com\/wp-content\/uploads\/2025\/04\/Avesa-268.jpg\"><img loading=\"lazy\" decoding=\"async\" width=\"1024\" height=\"1536\" data-id=\"1115\" src=\"https:\/\/mercatdesantacatalina.com\/wp-content\/uploads\/2025\/04\/Avesa-268.jpg\" alt=\"Avesa Carnicer\u00eda (Mercat Santa Catalina)\" class=\"wp-image-1115\" srcset=\"https:\/\/mercatdesantacatalina.com\/wp-content\/uploads\/2025\/04\/Avesa-268.jpg 1024w, https:\/\/mercatdesantacatalina.com\/wp-content\/uploads\/2025\/04\/Avesa-268-200x300.jpg 200w, https:\/\/mercatdesantacatalina.com\/wp-content\/uploads\/2025\/04\/Avesa-268-683x1024.jpg 683w, https:\/\/mercatdesantacatalina.com\/wp-content\/uploads\/2025\/04\/Avesa-268-768x1152.jpg 768w, https:\/\/mercatdesantacatalina.com\/wp-content\/uploads\/2025\/04\/Avesa-268-660x990.jpg 660w, https:\/\/mercatdesantacatalina.com\/wp-content\/uploads\/2025\/04\/Avesa-268-1000x1500.jpg 1000w\" sizes=\"auto, (max-width: 1024px) 100vw, 1024px\" \/><\/a><\/figure>\n\n\n\n<figure class=\"wp-block-image size-full\"><a href=\"https:\/\/mercatdesantacatalina.com\/wp-content\/uploads\/2025\/04\/Avesa-266.jpg\"><img loading=\"lazy\" decoding=\"async\" width=\"1024\" height=\"1536\" data-id=\"1112\" src=\"https:\/\/mercatdesantacatalina.com\/wp-content\/uploads\/2025\/04\/Avesa-266.jpg\" alt=\"Avesa Carnicer\u00eda (Mercat Santa Catalina)\" class=\"wp-image-1112\" srcset=\"https:\/\/mercatdesantacatalina.com\/wp-content\/uploads\/2025\/04\/Avesa-266.jpg 1024w, https:\/\/mercatdesantacatalina.com\/wp-content\/uploads\/2025\/04\/Avesa-266-200x300.jpg 200w, https:\/\/mercatdesantacatalina.com\/wp-content\/uploads\/2025\/04\/Avesa-266-683x1024.jpg 683w, https:\/\/mercatdesantacatalina.com\/wp-content\/uploads\/2025\/04\/Avesa-266-768x1152.jpg 768w, https:\/\/mercatdesantacatalina.com\/wp-content\/uploads\/2025\/04\/Avesa-266-660x990.jpg 660w, https:\/\/mercatdesantacatalina.com\/wp-content\/uploads\/2025\/04\/Avesa-266-1000x1500.jpg 1000w\" sizes=\"auto, (max-width: 1024px) 100vw, 1024px\" \/><\/a><\/figure>\n\n\n\n<figure class=\"wp-block-image size-full\"><a href=\"https:\/\/mercatdesantacatalina.com\/wp-content\/uploads\/2025\/04\/Avesa-264.jpg\"><img loading=\"lazy\" decoding=\"async\" width=\"1024\" height=\"683\" data-id=\"1109\" src=\"https:\/\/mercatdesantacatalina.com\/wp-content\/uploads\/2025\/04\/Avesa-264.jpg\" alt=\"Avesa Carnicer\u00eda (Mercat Santa Catalina)\" class=\"wp-image-1109\" srcset=\"https:\/\/mercatdesantacatalina.com\/wp-content\/uploads\/2025\/04\/Avesa-264.jpg 1024w, https:\/\/mercatdesantacatalina.com\/wp-content\/uploads\/2025\/04\/Avesa-264-300x200.jpg 300w, https:\/\/mercatdesantacatalina.com\/wp-content\/uploads\/2025\/04\/Avesa-264-768x512.jpg 768w, https:\/\/mercatdesantacatalina.com\/wp-content\/uploads\/2025\/04\/Avesa-264-660x440.jpg 660w, https:\/\/mercatdesantacatalina.com\/wp-content\/uploads\/2025\/04\/Avesa-264-1000x667.jpg 1000w, https:\/\/mercatdesantacatalina.com\/wp-content\/uploads\/2025\/04\/Avesa-264-373x248.jpg 373w\" sizes=\"auto, (max-width: 1024px) 100vw, 1024px\" \/><\/a><\/figure>\n\n\n\n<figure class=\"wp-block-image size-full\"><a href=\"https:\/\/mercatdesantacatalina.com\/wp-content\/uploads\/2025\/04\/Avesa-270-feat-LS.jpg\"><img loading=\"lazy\" decoding=\"async\" width=\"1024\" height=\"683\" data-id=\"1118\" src=\"https:\/\/mercatdesantacatalina.com\/wp-content\/uploads\/2025\/04\/Avesa-270-feat-LS.jpg\" alt=\"Avesa Carnicer\u00eda (Mercat Santa Catalina)\" class=\"wp-image-1118\" srcset=\"https:\/\/mercatdesantacatalina.com\/wp-content\/uploads\/2025\/04\/Avesa-270-feat-LS.jpg 1024w, https:\/\/mercatdesantacatalina.com\/wp-content\/uploads\/2025\/04\/Avesa-270-feat-LS-300x200.jpg 300w, https:\/\/mercatdesantacatalina.com\/wp-content\/uploads\/2025\/04\/Avesa-270-feat-LS-768x512.jpg 768w, https:\/\/mercatdesantacatalina.com\/wp-content\/uploads\/2025\/04\/Avesa-270-feat-LS-660x440.jpg 660w, https:\/\/mercatdesantacatalina.com\/wp-content\/uploads\/2025\/04\/Avesa-270-feat-LS-1000x667.jpg 1000w, https:\/\/mercatdesantacatalina.com\/wp-content\/uploads\/2025\/04\/Avesa-270-feat-LS-373x248.jpg 373w\" sizes=\"auto, (max-width: 1024px) 100vw, 1024px\" \/><\/a><\/figure>\n\n\n\n<figure class=\"wp-block-image size-full\"><a href=\"https:\/\/mercatdesantacatalina.com\/wp-content\/uploads\/2025\/04\/Avesa-ANT-14.jpg\"><img loading=\"lazy\" decoding=\"async\" width=\"512\" height=\"512\" data-id=\"1160\" src=\"https:\/\/mercatdesantacatalina.com\/wp-content\/uploads\/2025\/04\/Avesa-ANT-14.jpg\" alt=\"Avesa Carnicer\u00eda (Mercat Santa Catalina)\" class=\"wp-image-1160\" srcset=\"https:\/\/mercatdesantacatalina.com\/wp-content\/uploads\/2025\/04\/Avesa-ANT-14.jpg 512w, https:\/\/mercatdesantacatalina.com\/wp-content\/uploads\/2025\/04\/Avesa-ANT-14-300x300.jpg 300w, https:\/\/mercatdesantacatalina.com\/wp-content\/uploads\/2025\/04\/Avesa-ANT-14-150x150.jpg 150w, https:\/\/mercatdesantacatalina.com\/wp-content\/uploads\/2025\/04\/Avesa-ANT-14-373x373.jpg 373w\" sizes=\"auto, (max-width: 512px) 100vw, 512px\" \/><\/a><\/figure>\n\n\n\n<figure class=\"wp-block-image size-full\"><a href=\"https:\/\/mercatdesantacatalina.com\/wp-content\/uploads\/2025\/04\/Avesa-ANT-15.jpg\"><img loading=\"lazy\" decoding=\"async\" width=\"512\" height=\"512\" data-id=\"1163\" src=\"https:\/\/mercatdesantacatalina.com\/wp-content\/uploads\/2025\/04\/Avesa-ANT-15.jpg\" alt=\"Avesa Carnicer\u00eda (Mercat Santa Catalina)\" class=\"wp-image-1163\" srcset=\"https:\/\/mercatdesantacatalina.com\/wp-content\/uploads\/2025\/04\/Avesa-ANT-15.jpg 512w, https:\/\/mercatdesantacatalina.com\/wp-content\/uploads\/2025\/04\/Avesa-ANT-15-300x300.jpg 300w, https:\/\/mercatdesantacatalina.com\/wp-content\/uploads\/2025\/04\/Avesa-ANT-15-150x150.jpg 150w, https:\/\/mercatdesantacatalina.com\/wp-content\/uploads\/2025\/04\/Avesa-ANT-15-373x373.jpg 373w\" sizes=\"auto, (max-width: 512px) 100vw, 512px\" \/><\/a><\/figure>\n<\/figure>\n","protected":false},"excerpt":{"rendered":"<p>Parades 88-90<\/p>\n","protected":false},"author":2,"featured_media":1118,"comment_status":"closed","ping_status":"closed","sticky":false,"template":"","format":"standard","meta":{"footnotes":""},"categories":[51,38],"tags":[],"class_list":["post-1270","post","type-post","status-publish","format-standard","has-post-thumbnail","hentry","category-carnisseries","category-parada"],"yoast_head":"<!-- This site is optimized with the Yoast SEO plugin v27.5 - https:\/\/yoast.com\/product\/yoast-seo-wordpress\/ -->\n<title>Avesa Carnisseria Selecta - Mercat de Santa Catalina<\/title>\n<meta name=\"robots\" content=\"index, follow, max-snippet:-1, max-image-preview:large, max-video-preview:-1\" \/>\n<link rel=\"canonical\" href=\"https:\/\/mercatdesantacatalina.com\/ca\/avesa-carnisseria\/\" \/>\n<meta property=\"og:locale\" content=\"ca_ES\" \/>\n<meta property=\"og:type\" content=\"article\" \/>\n<meta property=\"og:title\" content=\"Avesa Carnisseria Selecta - Mercat de Santa Catalina\" \/>\n<meta property=\"og:description\" content=\"Parades 88-90\" \/>\n<meta property=\"og:url\" content=\"https:\/\/mercatdesantacatalina.com\/ca\/avesa-carnisseria\/\" \/>\n<meta property=\"og:site_name\" content=\"Mercat de Santa Catalina\" \/>\n<meta property=\"article:publisher\" content=\"https:\/\/www.facebook.com\/mercatsantacatalina\/\" \/>\n<meta property=\"article:published_time\" content=\"2025-05-06T11:50:23+00:00\" \/>\n<meta property=\"article:modified_time\" content=\"2025-06-17T09:17:29+00:00\" \/>\n<meta property=\"og:image\" content=\"https:\/\/mercatdesantacatalina.com\/wp-content\/uploads\/2025\/04\/Avesa-270-feat-LS.jpg\" \/>\n\t<meta property=\"og:image:width\" content=\"1024\" \/>\n\t<meta property=\"og:image:height\" content=\"683\" \/>\n\t<meta property=\"og:image:type\" content=\"image\/jpeg\" \/>\n<meta name=\"author\" content=\"Mercat de Santa Catalina\" \/>\n<meta name=\"twitter:card\" content=\"summary_large_image\" \/>\n<meta name=\"twitter:label1\" content=\"Escrit per\" \/>\n\t<meta name=\"twitter:data1\" content=\"Mercat de Santa Catalina\" \/>\n\t<meta name=\"twitter:label2\" content=\"Temps estimat de lectura\" \/>\n\t<meta name=\"twitter:data2\" content=\"6 minuts\" \/>\n<script type=\"application\/ld+json\" class=\"yoast-schema-graph\">{\"@context\":\"https:\\\/\\\/schema.org\",\"@graph\":[{\"@type\":\"Article\",\"@id\":\"https:\\\/\\\/mercatdesantacatalina.com\\\/ca\\\/avesa-carnisseria\\\/#article\",\"isPartOf\":{\"@id\":\"https:\\\/\\\/mercatdesantacatalina.com\\\/ca\\\/avesa-carnisseria\\\/\"},\"author\":{\"name\":\"Mercat de Santa Catalina\",\"@id\":\"https:\\\/\\\/mercatdesantacatalina.com\\\/ca\\\/#\\\/schema\\\/person\\\/f2dd5c6ee9b925c30cffdcf60aea95ff\"},\"headline\":\"Avesa Carnisseria Selecta\",\"datePublished\":\"2025-05-06T11:50:23+00:00\",\"dateModified\":\"2025-06-17T09:17:29+00:00\",\"mainEntityOfPage\":{\"@id\":\"https:\\\/\\\/mercatdesantacatalina.com\\\/ca\\\/avesa-carnisseria\\\/\"},\"wordCount\":159,\"publisher\":{\"@id\":\"https:\\\/\\\/mercatdesantacatalina.com\\\/ca\\\/#organization\"},\"image\":{\"@id\":\"https:\\\/\\\/mercatdesantacatalina.com\\\/ca\\\/avesa-carnisseria\\\/#primaryimage\"},\"thumbnailUrl\":\"https:\\\/\\\/mercatdesantacatalina.com\\\/wp-content\\\/uploads\\\/2025\\\/04\\\/Avesa-270-feat-LS.jpg\",\"articleSection\":[\"Carnisseries\",\"Parades\"],\"inLanguage\":\"ca\"},{\"@type\":\"WebPage\",\"@id\":\"https:\\\/\\\/mercatdesantacatalina.com\\\/ca\\\/avesa-carnisseria\\\/\",\"url\":\"https:\\\/\\\/mercatdesantacatalina.com\\\/ca\\\/avesa-carnisseria\\\/\",\"name\":\"Avesa Carnisseria Selecta - Mercat de Santa Catalina\",\"isPartOf\":{\"@id\":\"https:\\\/\\\/mercatdesantacatalina.com\\\/ca\\\/#website\"},\"primaryImageOfPage\":{\"@id\":\"https:\\\/\\\/mercatdesantacatalina.com\\\/ca\\\/avesa-carnisseria\\\/#primaryimage\"},\"image\":{\"@id\":\"https:\\\/\\\/mercatdesantacatalina.com\\\/ca\\\/avesa-carnisseria\\\/#primaryimage\"},\"thumbnailUrl\":\"https:\\\/\\\/mercatdesantacatalina.com\\\/wp-content\\\/uploads\\\/2025\\\/04\\\/Avesa-270-feat-LS.jpg\",\"datePublished\":\"2025-05-06T11:50:23+00:00\",\"dateModified\":\"2025-06-17T09:17:29+00:00\",\"breadcrumb\":{\"@id\":\"https:\\\/\\\/mercatdesantacatalina.com\\\/ca\\\/avesa-carnisseria\\\/#breadcrumb\"},\"inLanguage\":\"ca\",\"potentialAction\":[{\"@type\":\"ReadAction\",\"target\":[\"https:\\\/\\\/mercatdesantacatalina.com\\\/ca\\\/avesa-carnisseria\\\/\"]}]},{\"@type\":\"ImageObject\",\"inLanguage\":\"ca\",\"@id\":\"https:\\\/\\\/mercatdesantacatalina.com\\\/ca\\\/avesa-carnisseria\\\/#primaryimage\",\"url\":\"https:\\\/\\\/mercatdesantacatalina.com\\\/wp-content\\\/uploads\\\/2025\\\/04\\\/Avesa-270-feat-LS.jpg\",\"contentUrl\":\"https:\\\/\\\/mercatdesantacatalina.com\\\/wp-content\\\/uploads\\\/2025\\\/04\\\/Avesa-270-feat-LS.jpg\",\"width\":1024,\"height\":683,\"caption\":\"Avesa Carnicer\u00eda (Mercat Santa Catalina)\"},{\"@type\":\"BreadcrumbList\",\"@id\":\"https:\\\/\\\/mercatdesantacatalina.com\\\/ca\\\/avesa-carnisseria\\\/#breadcrumb\",\"itemListElement\":[{\"@type\":\"ListItem\",\"position\":1,\"name\":\"Portada\",\"item\":\"https:\\\/\\\/mercatdesantacatalina.com\\\/ca\\\/inici\\\/\"},{\"@type\":\"ListItem\",\"position\":2,\"name\":\"Avesa Carnisseria Selecta\"}]},{\"@type\":\"WebSite\",\"@id\":\"https:\\\/\\\/mercatdesantacatalina.com\\\/ca\\\/#website\",\"url\":\"https:\\\/\\\/mercatdesantacatalina.com\\\/ca\\\/\",\"name\":\"Mercat de Santa Catalina\",\"description\":\"Mercado municipal decano de Palma\",\"publisher\":{\"@id\":\"https:\\\/\\\/mercatdesantacatalina.com\\\/ca\\\/#organization\"},\"potentialAction\":[{\"@type\":\"SearchAction\",\"target\":{\"@type\":\"EntryPoint\",\"urlTemplate\":\"https:\\\/\\\/mercatdesantacatalina.com\\\/ca\\\/?s={search_term_string}\"},\"query-input\":{\"@type\":\"PropertyValueSpecification\",\"valueRequired\":true,\"valueName\":\"search_term_string\"}}],\"inLanguage\":\"ca\"},{\"@type\":\"Organization\",\"@id\":\"https:\\\/\\\/mercatdesantacatalina.com\\\/ca\\\/#organization\",\"name\":\"Mercat de Santa Catalina\",\"url\":\"https:\\\/\\\/mercatdesantacatalina.com\\\/ca\\\/\",\"logo\":{\"@type\":\"ImageObject\",\"inLanguage\":\"ca\",\"@id\":\"https:\\\/\\\/mercatdesantacatalina.com\\\/ca\\\/#\\\/schema\\\/logo\\\/image\\\/\",\"url\":\"https:\\\/\\\/mercatdesantacatalina.com\\\/wp-content\\\/uploads\\\/2025\\\/05\\\/Logo-Mercat-Santa-Catalina-1000px.png\",\"contentUrl\":\"https:\\\/\\\/mercatdesantacatalina.com\\\/wp-content\\\/uploads\\\/2025\\\/05\\\/Logo-Mercat-Santa-Catalina-1000px.png\",\"width\":1000,\"height\":1000,\"caption\":\"Mercat de Santa Catalina\"},\"image\":{\"@id\":\"https:\\\/\\\/mercatdesantacatalina.com\\\/ca\\\/#\\\/schema\\\/logo\\\/image\\\/\"},\"sameAs\":[\"https:\\\/\\\/www.facebook.com\\\/mercatsantacatalina\\\/\",\"https:\\\/\\\/www.instagram.com\\\/mercatdesantacatalina\\\/\"]},{\"@type\":\"Person\",\"@id\":\"https:\\\/\\\/mercatdesantacatalina.com\\\/ca\\\/#\\\/schema\\\/person\\\/f2dd5c6ee9b925c30cffdcf60aea95ff\",\"name\":\"Mercat de Santa Catalina\",\"image\":{\"@type\":\"ImageObject\",\"inLanguage\":\"ca\",\"@id\":\"https:\\\/\\\/secure.gravatar.com\\\/avatar\\\/795a64c0fdef9a073a2789bc748f43c21362dbab78e5889fa196f88e37df7b5d?s=96&d=mm&r=g\",\"url\":\"https:\\\/\\\/secure.gravatar.com\\\/avatar\\\/795a64c0fdef9a073a2789bc748f43c21362dbab78e5889fa196f88e37df7b5d?s=96&d=mm&r=g\",\"contentUrl\":\"https:\\\/\\\/secure.gravatar.com\\\/avatar\\\/795a64c0fdef9a073a2789bc748f43c21362dbab78e5889fa196f88e37df7b5d?s=96&d=mm&r=g\",\"caption\":\"Mercat de Santa Catalina\"},\"description\":\"Mercat municipal de Santa Catalina (Palma).\",\"sameAs\":[\"https:\\\/\\\/mercatdesantacatalina.com\\\/\"]}]}<\/script>\n<!-- \/ Yoast SEO plugin. -->","yoast_head_json":{"title":"Avesa Carnisseria Selecta - Mercat de Santa Catalina","robots":{"index":"index","follow":"follow","max-snippet":"max-snippet:-1","max-image-preview":"max-image-preview:large","max-video-preview":"max-video-preview:-1"},"canonical":"https:\/\/mercatdesantacatalina.com\/ca\/avesa-carnisseria\/","og_locale":"ca_ES","og_type":"article","og_title":"Avesa Carnisseria Selecta - Mercat de Santa Catalina","og_description":"Parades 88-90","og_url":"https:\/\/mercatdesantacatalina.com\/ca\/avesa-carnisseria\/","og_site_name":"Mercat de Santa Catalina","article_publisher":"https:\/\/www.facebook.com\/mercatsantacatalina\/","article_published_time":"2025-05-06T11:50:23+00:00","article_modified_time":"2025-06-17T09:17:29+00:00","og_image":[{"width":1024,"height":683,"url":"https:\/\/mercatdesantacatalina.com\/wp-content\/uploads\/2025\/04\/Avesa-270-feat-LS.jpg","type":"image\/jpeg"}],"author":"Mercat de Santa Catalina","twitter_card":"summary_large_image","twitter_misc":{"Escrit per":"Mercat de Santa Catalina","Temps estimat de lectura":"6 minuts"},"schema":{"@context":"https:\/\/schema.org","@graph":[{"@type":"Article","@id":"https:\/\/mercatdesantacatalina.com\/ca\/avesa-carnisseria\/#article","isPartOf":{"@id":"https:\/\/mercatdesantacatalina.com\/ca\/avesa-carnisseria\/"},"author":{"name":"Mercat de Santa Catalina","@id":"https:\/\/mercatdesantacatalina.com\/ca\/#\/schema\/person\/f2dd5c6ee9b925c30cffdcf60aea95ff"},"headline":"Avesa Carnisseria Selecta","datePublished":"2025-05-06T11:50:23+00:00","dateModified":"2025-06-17T09:17:29+00:00","mainEntityOfPage":{"@id":"https:\/\/mercatdesantacatalina.com\/ca\/avesa-carnisseria\/"},"wordCount":159,"publisher":{"@id":"https:\/\/mercatdesantacatalina.com\/ca\/#organization"},"image":{"@id":"https:\/\/mercatdesantacatalina.com\/ca\/avesa-carnisseria\/#primaryimage"},"thumbnailUrl":"https:\/\/mercatdesantacatalina.com\/wp-content\/uploads\/2025\/04\/Avesa-270-feat-LS.jpg","articleSection":["Carnisseries","Parades"],"inLanguage":"ca"},{"@type":"WebPage","@id":"https:\/\/mercatdesantacatalina.com\/ca\/avesa-carnisseria\/","url":"https:\/\/mercatdesantacatalina.com\/ca\/avesa-carnisseria\/","name":"Avesa Carnisseria Selecta - Mercat de Santa Catalina","isPartOf":{"@id":"https:\/\/mercatdesantacatalina.com\/ca\/#website"},"primaryImageOfPage":{"@id":"https:\/\/mercatdesantacatalina.com\/ca\/avesa-carnisseria\/#primaryimage"},"image":{"@id":"https:\/\/mercatdesantacatalina.com\/ca\/avesa-carnisseria\/#primaryimage"},"thumbnailUrl":"https:\/\/mercatdesantacatalina.com\/wp-content\/uploads\/2025\/04\/Avesa-270-feat-LS.jpg","datePublished":"2025-05-06T11:50:23+00:00","dateModified":"2025-06-17T09:17:29+00:00","breadcrumb":{"@id":"https:\/\/mercatdesantacatalina.com\/ca\/avesa-carnisseria\/#breadcrumb"},"inLanguage":"ca","potentialAction":[{"@type":"ReadAction","target":["https:\/\/mercatdesantacatalina.com\/ca\/avesa-carnisseria\/"]}]},{"@type":"ImageObject","inLanguage":"ca","@id":"https:\/\/mercatdesantacatalina.com\/ca\/avesa-carnisseria\/#primaryimage","url":"https:\/\/mercatdesantacatalina.com\/wp-content\/uploads\/2025\/04\/Avesa-270-feat-LS.jpg","contentUrl":"https:\/\/mercatdesantacatalina.com\/wp-content\/uploads\/2025\/04\/Avesa-270-feat-LS.jpg","width":1024,"height":683,"caption":"Avesa Carnicer\u00eda (Mercat Santa Catalina)"},{"@type":"BreadcrumbList","@id":"https:\/\/mercatdesantacatalina.com\/ca\/avesa-carnisseria\/#breadcrumb","itemListElement":[{"@type":"ListItem","position":1,"name":"Portada","item":"https:\/\/mercatdesantacatalina.com\/ca\/inici\/"},{"@type":"ListItem","position":2,"name":"Avesa Carnisseria Selecta"}]},{"@type":"WebSite","@id":"https:\/\/mercatdesantacatalina.com\/ca\/#website","url":"https:\/\/mercatdesantacatalina.com\/ca\/","name":"Mercat de Santa Catalina","description":"Mercado municipal decano de Palma","publisher":{"@id":"https:\/\/mercatdesantacatalina.com\/ca\/#organization"},"potentialAction":[{"@type":"SearchAction","target":{"@type":"EntryPoint","urlTemplate":"https:\/\/mercatdesantacatalina.com\/ca\/?s={search_term_string}"},"query-input":{"@type":"PropertyValueSpecification","valueRequired":true,"valueName":"search_term_string"}}],"inLanguage":"ca"},{"@type":"Organization","@id":"https:\/\/mercatdesantacatalina.com\/ca\/#organization","name":"Mercat de Santa Catalina","url":"https:\/\/mercatdesantacatalina.com\/ca\/","logo":{"@type":"ImageObject","inLanguage":"ca","@id":"https:\/\/mercatdesantacatalina.com\/ca\/#\/schema\/logo\/image\/","url":"https:\/\/mercatdesantacatalina.com\/wp-content\/uploads\/2025\/05\/Logo-Mercat-Santa-Catalina-1000px.png","contentUrl":"https:\/\/mercatdesantacatalina.com\/wp-content\/uploads\/2025\/05\/Logo-Mercat-Santa-Catalina-1000px.png","width":1000,"height":1000,"caption":"Mercat de Santa Catalina"},"image":{"@id":"https:\/\/mercatdesantacatalina.com\/ca\/#\/schema\/logo\/image\/"},"sameAs":["https:\/\/www.facebook.com\/mercatsantacatalina\/","https:\/\/www.instagram.com\/mercatdesantacatalina\/"]},{"@type":"Person","@id":"https:\/\/mercatdesantacatalina.com\/ca\/#\/schema\/person\/f2dd5c6ee9b925c30cffdcf60aea95ff","name":"Mercat de Santa Catalina","image":{"@type":"ImageObject","inLanguage":"ca","@id":"https:\/\/secure.gravatar.com\/avatar\/795a64c0fdef9a073a2789bc748f43c21362dbab78e5889fa196f88e37df7b5d?s=96&d=mm&r=g","url":"https:\/\/secure.gravatar.com\/avatar\/795a64c0fdef9a073a2789bc748f43c21362dbab78e5889fa196f88e37df7b5d?s=96&d=mm&r=g","contentUrl":"https:\/\/secure.gravatar.com\/avatar\/795a64c0fdef9a073a2789bc748f43c21362dbab78e5889fa196f88e37df7b5d?s=96&d=mm&r=g","caption":"Mercat de Santa Catalina"},"description":"Mercat municipal de Santa Catalina (Palma).","sameAs":["https:\/\/mercatdesantacatalina.com\/"]}]}},"_links":{"self":[{"href":"https:\/\/mercatdesantacatalina.com\/ca\/wp-json\/wp\/v2\/posts\/1270","targetHints":{"allow":["GET"]}}],"collection":[{"href":"https:\/\/mercatdesantacatalina.com\/ca\/wp-json\/wp\/v2\/posts"}],"about":[{"href":"https:\/\/mercatdesantacatalina.com\/ca\/wp-json\/wp\/v2\/types\/post"}],"author":[{"embeddable":true,"href":"https:\/\/mercatdesantacatalina.com\/ca\/wp-json\/wp\/v2\/users\/2"}],"replies":[{"embeddable":true,"href":"https:\/\/mercatdesantacatalina.com\/ca\/wp-json\/wp\/v2\/comments?post=1270"}],"version-history":[{"count":6,"href":"https:\/\/mercatdesantacatalina.com\/ca\/wp-json\/wp\/v2\/posts\/1270\/revisions"}],"predecessor-version":[{"id":5697,"href":"https:\/\/mercatdesantacatalina.com\/ca\/wp-json\/wp\/v2\/posts\/1270\/revisions\/5697"}],"wp:featuredmedia":[{"embeddable":true,"href":"https:\/\/mercatdesantacatalina.com\/ca\/wp-json\/wp\/v2\/media\/1118"}],"wp:attachment":[{"href":"https:\/\/mercatdesantacatalina.com\/ca\/wp-json\/wp\/v2\/media?parent=1270"}],"wp:term":[{"taxonomy":"category","embeddable":true,"href":"https:\/\/mercatdesantacatalina.com\/ca\/wp-json\/wp\/v2\/categories?post=1270"},{"taxonomy":"post_tag","embeddable":true,"href":"https:\/\/mercatdesantacatalina.com\/ca\/wp-json\/wp\/v2\/tags?post=1270"}],"curies":[{"name":"wp","href":"https:\/\/api.w.org\/{rel}","templated":true}]}}