{"id":290,"date":"2025-05-06T13:10:30","date_gmt":"2025-05-06T11:10:30","guid":{"rendered":"https:\/\/mercatdesantacatalina.com\/floristeria-miquel-capella\/"},"modified":"2025-06-17T11:41:15","modified_gmt":"2025-06-17T09:41:15","slug":"floristeria-miquel-capella","status":"publish","type":"post","link":"https:\/\/mercatdesantacatalina.com\/ca\/floristeria-miquel-capella\/","title":{"rendered":"Floristeria Miquel Capell\u00e0"},"content":{"rendered":"\n<h2 class=\"wp-block-heading\">Dades de contacte<\/h2>\n\n\n\n<figure class=\"wp-block-table\"><table><tbody><tr><td><strong>Parades<\/strong><\/td><td><a href=\"https:\/\/mercatdesantacatalina.com\/wp-content\/uploads\/2025\/06\/Ubica-ES-FornAngels-FloristMCapella.gif\" target=\"_blank\" rel=\"noreferrer noopener\">66-70, 80-81<\/a><\/td><\/tr><tr><td><strong>Tel.<\/strong><\/td><td><a href=\"tel:+34971282955\" target=\"_blank\" rel=\"noreferrer noopener nofollow\">+34 971 282 955<\/a> \/ <a href=\"tel:+34619822779\" target=\"_blank\" rel=\"noreferrer noopener nofollow\">+34 619 822 779<\/a><\/td><\/tr><tr><td><strong>Website<\/strong><\/td><td><a href=\"https:\/\/www.floristeriamiquelcapella.es\/\">https:\/\/www.floristeriamiquelcapella.es\/<\/a><\/td><\/tr><tr><td><strong>Email<\/strong><\/td><td><a href=\"mailto:caticb@gmail.com\" target=\"_blank\" rel=\"noreferrer noopener nofollow\">caticb@gmail.com<\/a><\/td><\/tr><tr><td><strong>IG<\/strong><\/td><td><a href=\"https:\/\/www.instagram.com\/floristeriamiquelcapella\/\">@floristeriamiquelcapella<\/a><\/td><\/tr><tr><td><strong>FB<\/strong><\/td><td><a href=\"https:\/\/www.facebook.com\/FloristeriaMiquelCapella\">FloristeriaMiquelCapella<\/a><\/td><\/tr><\/tbody><\/table><\/figure>\n\n\n\n<h2 class=\"wp-block-heading\">Descripci\u00f3<\/h2>\n\n\n\n<p>La <strong>Florister\u00eda Miquel Capell\u00e0<\/strong> \u00e9s una empresa familiar amb m\u00e9s de 75 anys d&#8217;experi\u00e8ncia. Als inicis es van dedicar a la venda de fruites, verdures i flors, i amb el pas dels anys s&#8217;han especialitzat a l&#8217;Art Floral. Tenen una gran varietat de flors fresques selectes i plantes naturals, tant d&#8217;interior com d&#8217;exterior. A m\u00e9s de complements com ara testos, gerros de vidre, llavors, adobs i adornaments.<\/p>\n\n\n\n<p>Tamb\u00e9 compten amb una \u00e0mplia selecci\u00f3 de flors artificials de gran realisme per a aquells que no tinguin molt de temps per dedicar a la cura de les seves plantes.<\/p>\n\n\n\n<p>Elaboren tota mena d&#8217;arranjaments florals i serveis de decoraci\u00f3 per a esdeveniments, des de batejos, comunions, casaments i funerals, fins a qualsevol esdeveniment particular o d&#8217;empresa. Compten amb producci\u00f3 pr\u00f2pia de flors, entre les quals cal destacar les plantes t\u00edpiques de l&#8217;illa com s\u00f3n els lliris, margalides, roses de jard\u00ed, clavell de moro, llops&#8230; <\/p>\n\n\n\n<p>Ofereixen servei a domicili a tota l&#8217;illa de Mallorca, incloent servei a iots.<\/p>\n\n\n\n<p><strong>Idiomes<\/strong>: espanyol, catal\u00e0 i angl\u00e8s.<\/p>\n\n\n\n<h2 class=\"wp-block-heading\">Galeria<\/h2>\n\n\n\n<figure class=\"wp-block-gallery has-nested-images columns-2 is-cropped wp-block-gallery-1 is-layout-flex wp-block-gallery-is-layout-flex\">\n<figure class=\"wp-block-image size-full\"><a href=\"https:\/\/mercatdesantacatalina.com\/wp-content\/uploads\/2025\/04\/Floristeria-Miquel-Capella-538.jpg\"><img loading=\"lazy\" decoding=\"async\" width=\"1024\" height=\"683\" data-id=\"223\" src=\"https:\/\/mercatdesantacatalina.com\/wp-content\/uploads\/2025\/04\/Floristeria-Miquel-Capella-538.jpg\" alt=\"Floristeria Miquel Capell\u00e0 (Mercat de Santa Catalina)\" class=\"wp-image-223\" srcset=\"https:\/\/mercatdesantacatalina.com\/wp-content\/uploads\/2025\/04\/Floristeria-Miquel-Capella-538.jpg 1024w, https:\/\/mercatdesantacatalina.com\/wp-content\/uploads\/2025\/04\/Floristeria-Miquel-Capella-538-300x200.jpg 300w, https:\/\/mercatdesantacatalina.com\/wp-content\/uploads\/2025\/04\/Floristeria-Miquel-Capella-538-768x512.jpg 768w, https:\/\/mercatdesantacatalina.com\/wp-content\/uploads\/2025\/04\/Floristeria-Miquel-Capella-538-660x440.jpg 660w, https:\/\/mercatdesantacatalina.com\/wp-content\/uploads\/2025\/04\/Floristeria-Miquel-Capella-538-1000x667.jpg 1000w, https:\/\/mercatdesantacatalina.com\/wp-content\/uploads\/2025\/04\/Floristeria-Miquel-Capella-538-373x248.jpg 373w\" sizes=\"auto, (max-width: 1024px) 100vw, 1024px\" \/><\/a><\/figure>\n\n\n\n<figure class=\"wp-block-image size-full\"><a href=\"https:\/\/mercatdesantacatalina.com\/wp-content\/uploads\/2025\/04\/Floristeria-Miquel-Capella-543-feat-LS.jpg\"><img loading=\"lazy\" decoding=\"async\" width=\"1024\" height=\"683\" data-id=\"238\" src=\"https:\/\/mercatdesantacatalina.com\/wp-content\/uploads\/2025\/04\/Floristeria-Miquel-Capella-543-feat-LS.jpg\" alt=\"Floristeria Miquel Capell\u00e0 (Mercat de Santa Catalina)\" class=\"wp-image-238\" srcset=\"https:\/\/mercatdesantacatalina.com\/wp-content\/uploads\/2025\/04\/Floristeria-Miquel-Capella-543-feat-LS.jpg 1024w, https:\/\/mercatdesantacatalina.com\/wp-content\/uploads\/2025\/04\/Floristeria-Miquel-Capella-543-feat-LS-300x200.jpg 300w, https:\/\/mercatdesantacatalina.com\/wp-content\/uploads\/2025\/04\/Floristeria-Miquel-Capella-543-feat-LS-768x512.jpg 768w, https:\/\/mercatdesantacatalina.com\/wp-content\/uploads\/2025\/04\/Floristeria-Miquel-Capella-543-feat-LS-660x440.jpg 660w, https:\/\/mercatdesantacatalina.com\/wp-content\/uploads\/2025\/04\/Floristeria-Miquel-Capella-543-feat-LS-1000x667.jpg 1000w, https:\/\/mercatdesantacatalina.com\/wp-content\/uploads\/2025\/04\/Floristeria-Miquel-Capella-543-feat-LS-373x248.jpg 373w\" sizes=\"auto, (max-width: 1024px) 100vw, 1024px\" \/><\/a><\/figure>\n\n\n\n<figure class=\"wp-block-image size-full\"><a href=\"https:\/\/mercatdesantacatalina.com\/wp-content\/uploads\/2025\/04\/Floristeria-Miquel-Capella-542.jpg\"><img loading=\"lazy\" decoding=\"async\" width=\"1024\" height=\"682\" data-id=\"235\" src=\"https:\/\/mercatdesantacatalina.com\/wp-content\/uploads\/2025\/04\/Floristeria-Miquel-Capella-542.jpg\" alt=\"Floristeria Miquel Capell\u00e0 (Mercat de Santa Catalina)\" class=\"wp-image-235\" srcset=\"https:\/\/mercatdesantacatalina.com\/wp-content\/uploads\/2025\/04\/Floristeria-Miquel-Capella-542.jpg 1024w, https:\/\/mercatdesantacatalina.com\/wp-content\/uploads\/2025\/04\/Floristeria-Miquel-Capella-542-300x200.jpg 300w, https:\/\/mercatdesantacatalina.com\/wp-content\/uploads\/2025\/04\/Floristeria-Miquel-Capella-542-768x512.jpg 768w, https:\/\/mercatdesantacatalina.com\/wp-content\/uploads\/2025\/04\/Floristeria-Miquel-Capella-542-660x440.jpg 660w, https:\/\/mercatdesantacatalina.com\/wp-content\/uploads\/2025\/04\/Floristeria-Miquel-Capella-542-1000x666.jpg 1000w, https:\/\/mercatdesantacatalina.com\/wp-content\/uploads\/2025\/04\/Floristeria-Miquel-Capella-542-373x248.jpg 373w\" sizes=\"auto, (max-width: 1024px) 100vw, 1024px\" \/><\/a><\/figure>\n\n\n\n<figure class=\"wp-block-image size-full\"><a href=\"https:\/\/mercatdesantacatalina.com\/wp-content\/uploads\/2025\/04\/Floristeria-Miquel-Capella-533.jpg\"><img loading=\"lazy\" decoding=\"async\" width=\"667\" height=\"1001\" data-id=\"217\" src=\"https:\/\/mercatdesantacatalina.com\/wp-content\/uploads\/2025\/04\/Floristeria-Miquel-Capella-533.jpg\" alt=\"Floristeria Miquel Capell\u00e0 (Mercat de Santa Catalina)\" class=\"wp-image-217\" srcset=\"https:\/\/mercatdesantacatalina.com\/wp-content\/uploads\/2025\/04\/Floristeria-Miquel-Capella-533.jpg 667w, https:\/\/mercatdesantacatalina.com\/wp-content\/uploads\/2025\/04\/Floristeria-Miquel-Capella-533-200x300.jpg 200w, https:\/\/mercatdesantacatalina.com\/wp-content\/uploads\/2025\/04\/Floristeria-Miquel-Capella-533-660x990.jpg 660w\" sizes=\"auto, (max-width: 667px) 100vw, 667px\" \/><\/a><\/figure>\n\n\n\n<figure class=\"wp-block-image size-full\"><a href=\"https:\/\/mercatdesantacatalina.com\/wp-content\/uploads\/2025\/04\/Floristeria-Miquel-Capella-534.jpg\"><img loading=\"lazy\" decoding=\"async\" width=\"667\" height=\"1001\" data-id=\"220\" src=\"https:\/\/mercatdesantacatalina.com\/wp-content\/uploads\/2025\/04\/Floristeria-Miquel-Capella-534.jpg\" alt=\"Floristeria Miquel Capell\u00e0 (Mercat de Santa Catalina)\" class=\"wp-image-220\" srcset=\"https:\/\/mercatdesantacatalina.com\/wp-content\/uploads\/2025\/04\/Floristeria-Miquel-Capella-534.jpg 667w, https:\/\/mercatdesantacatalina.com\/wp-content\/uploads\/2025\/04\/Floristeria-Miquel-Capella-534-200x300.jpg 200w, https:\/\/mercatdesantacatalina.com\/wp-content\/uploads\/2025\/04\/Floristeria-Miquel-Capella-534-660x990.jpg 660w\" sizes=\"auto, (max-width: 667px) 100vw, 667px\" \/><\/a><\/figure>\n\n\n\n<figure class=\"wp-block-image size-full\"><a href=\"https:\/\/mercatdesantacatalina.com\/wp-content\/uploads\/2025\/04\/Floristeria-Miquel-Capella-528.jpg\"><img loading=\"lazy\" decoding=\"async\" width=\"1024\" height=\"1536\" data-id=\"208\" src=\"https:\/\/mercatdesantacatalina.com\/wp-content\/uploads\/2025\/04\/Floristeria-Miquel-Capella-528.jpg\" alt=\"Floristeria Miquel Capell\u00e0 (Mercat de Santa Catalina)\" class=\"wp-image-208\" srcset=\"https:\/\/mercatdesantacatalina.com\/wp-content\/uploads\/2025\/04\/Floristeria-Miquel-Capella-528.jpg 1024w, https:\/\/mercatdesantacatalina.com\/wp-content\/uploads\/2025\/04\/Floristeria-Miquel-Capella-528-200x300.jpg 200w, https:\/\/mercatdesantacatalina.com\/wp-content\/uploads\/2025\/04\/Floristeria-Miquel-Capella-528-683x1024.jpg 683w, https:\/\/mercatdesantacatalina.com\/wp-content\/uploads\/2025\/04\/Floristeria-Miquel-Capella-528-768x1152.jpg 768w, https:\/\/mercatdesantacatalina.com\/wp-content\/uploads\/2025\/04\/Floristeria-Miquel-Capella-528-660x990.jpg 660w, https:\/\/mercatdesantacatalina.com\/wp-content\/uploads\/2025\/04\/Floristeria-Miquel-Capella-528-1000x1500.jpg 1000w\" sizes=\"auto, (max-width: 1024px) 100vw, 1024px\" \/><\/a><\/figure>\n\n\n\n<figure class=\"wp-block-image size-full\"><a href=\"https:\/\/mercatdesantacatalina.com\/wp-content\/uploads\/2025\/04\/Floristeria-Miquel-Capella-529.jpg\"><img loading=\"lazy\" decoding=\"async\" width=\"1024\" height=\"683\" data-id=\"211\" src=\"https:\/\/mercatdesantacatalina.com\/wp-content\/uploads\/2025\/04\/Floristeria-Miquel-Capella-529.jpg\" alt=\"Floristeria Miquel Capell\u00e0 (Mercat de Santa Catalina)\" class=\"wp-image-211\" srcset=\"https:\/\/mercatdesantacatalina.com\/wp-content\/uploads\/2025\/04\/Floristeria-Miquel-Capella-529.jpg 1024w, https:\/\/mercatdesantacatalina.com\/wp-content\/uploads\/2025\/04\/Floristeria-Miquel-Capella-529-300x200.jpg 300w, https:\/\/mercatdesantacatalina.com\/wp-content\/uploads\/2025\/04\/Floristeria-Miquel-Capella-529-768x512.jpg 768w, https:\/\/mercatdesantacatalina.com\/wp-content\/uploads\/2025\/04\/Floristeria-Miquel-Capella-529-660x440.jpg 660w, https:\/\/mercatdesantacatalina.com\/wp-content\/uploads\/2025\/04\/Floristeria-Miquel-Capella-529-1000x667.jpg 1000w, https:\/\/mercatdesantacatalina.com\/wp-content\/uploads\/2025\/04\/Floristeria-Miquel-Capella-529-373x248.jpg 373w\" sizes=\"auto, (max-width: 1024px) 100vw, 1024px\" \/><\/a><\/figure>\n\n\n\n<figure class=\"wp-block-image size-full\"><a href=\"https:\/\/mercatdesantacatalina.com\/wp-content\/uploads\/2025\/04\/Floristeria-Miquel-Capella-539.jpg\"><img loading=\"lazy\" decoding=\"async\" width=\"1024\" height=\"1536\" data-id=\"226\" src=\"https:\/\/mercatdesantacatalina.com\/wp-content\/uploads\/2025\/04\/Floristeria-Miquel-Capella-539.jpg\" alt=\"Floristeria Miquel Capell\u00e0 (Mercat de Santa Catalina)\" class=\"wp-image-226\" srcset=\"https:\/\/mercatdesantacatalina.com\/wp-content\/uploads\/2025\/04\/Floristeria-Miquel-Capella-539.jpg 1024w, https:\/\/mercatdesantacatalina.com\/wp-content\/uploads\/2025\/04\/Floristeria-Miquel-Capella-539-200x300.jpg 200w, https:\/\/mercatdesantacatalina.com\/wp-content\/uploads\/2025\/04\/Floristeria-Miquel-Capella-539-683x1024.jpg 683w, https:\/\/mercatdesantacatalina.com\/wp-content\/uploads\/2025\/04\/Floristeria-Miquel-Capella-539-768x1152.jpg 768w, https:\/\/mercatdesantacatalina.com\/wp-content\/uploads\/2025\/04\/Floristeria-Miquel-Capella-539-660x990.jpg 660w, https:\/\/mercatdesantacatalina.com\/wp-content\/uploads\/2025\/04\/Floristeria-Miquel-Capella-539-1000x1500.jpg 1000w\" sizes=\"auto, (max-width: 1024px) 100vw, 1024px\" \/><\/a><\/figure>\n\n\n\n<figure class=\"wp-block-image size-full\"><a href=\"https:\/\/mercatdesantacatalina.com\/wp-content\/uploads\/2025\/04\/Floristeria-Miquel-Capella-531.jpg\"><img loading=\"lazy\" decoding=\"async\" width=\"1024\" height=\"1536\" data-id=\"214\" src=\"https:\/\/mercatdesantacatalina.com\/wp-content\/uploads\/2025\/04\/Floristeria-Miquel-Capella-531.jpg\" alt=\"Floristeria Miquel Capell\u00e0 (Mercat de Santa Catalina)\" class=\"wp-image-214\" srcset=\"https:\/\/mercatdesantacatalina.com\/wp-content\/uploads\/2025\/04\/Floristeria-Miquel-Capella-531.jpg 1024w, https:\/\/mercatdesantacatalina.com\/wp-content\/uploads\/2025\/04\/Floristeria-Miquel-Capella-531-200x300.jpg 200w, https:\/\/mercatdesantacatalina.com\/wp-content\/uploads\/2025\/04\/Floristeria-Miquel-Capella-531-683x1024.jpg 683w, https:\/\/mercatdesantacatalina.com\/wp-content\/uploads\/2025\/04\/Floristeria-Miquel-Capella-531-768x1152.jpg 768w, https:\/\/mercatdesantacatalina.com\/wp-content\/uploads\/2025\/04\/Floristeria-Miquel-Capella-531-660x990.jpg 660w, https:\/\/mercatdesantacatalina.com\/wp-content\/uploads\/2025\/04\/Floristeria-Miquel-Capella-531-1000x1500.jpg 1000w\" sizes=\"auto, (max-width: 1024px) 100vw, 1024px\" \/><\/a><\/figure>\n\n\n\n<figure class=\"wp-block-image size-full\"><a href=\"https:\/\/mercatdesantacatalina.com\/wp-content\/uploads\/2025\/04\/Floristeria-Miquel-Capella-540.jpg\"><img loading=\"lazy\" decoding=\"async\" width=\"1024\" height=\"1536\" data-id=\"229\" src=\"https:\/\/mercatdesantacatalina.com\/wp-content\/uploads\/2025\/04\/Floristeria-Miquel-Capella-540.jpg\" alt=\"Floristeria Miquel Capell\u00e0 (Mercat de Santa Catalina)\" class=\"wp-image-229\" srcset=\"https:\/\/mercatdesantacatalina.com\/wp-content\/uploads\/2025\/04\/Floristeria-Miquel-Capella-540.jpg 1024w, https:\/\/mercatdesantacatalina.com\/wp-content\/uploads\/2025\/04\/Floristeria-Miquel-Capella-540-200x300.jpg 200w, https:\/\/mercatdesantacatalina.com\/wp-content\/uploads\/2025\/04\/Floristeria-Miquel-Capella-540-683x1024.jpg 683w, https:\/\/mercatdesantacatalina.com\/wp-content\/uploads\/2025\/04\/Floristeria-Miquel-Capella-540-768x1152.jpg 768w, https:\/\/mercatdesantacatalina.com\/wp-content\/uploads\/2025\/04\/Floristeria-Miquel-Capella-540-660x990.jpg 660w, https:\/\/mercatdesantacatalina.com\/wp-content\/uploads\/2025\/04\/Floristeria-Miquel-Capella-540-1000x1500.jpg 1000w\" sizes=\"auto, (max-width: 1024px) 100vw, 1024px\" \/><\/a><\/figure>\n\n\n\n<figure class=\"wp-block-image size-full\"><a href=\"https:\/\/mercatdesantacatalina.com\/wp-content\/uploads\/2025\/04\/Floristeria-Miquel-Capella-541-feat-PT.jpg\"><img loading=\"lazy\" decoding=\"async\" width=\"1024\" height=\"1536\" data-id=\"232\" src=\"https:\/\/mercatdesantacatalina.com\/wp-content\/uploads\/2025\/04\/Floristeria-Miquel-Capella-541-feat-PT.jpg\" alt=\"Floristeria Miquel Capell\u00e0 (Mercat de Santa Catalina)\" class=\"wp-image-232\" srcset=\"https:\/\/mercatdesantacatalina.com\/wp-content\/uploads\/2025\/04\/Floristeria-Miquel-Capella-541-feat-PT.jpg 1024w, https:\/\/mercatdesantacatalina.com\/wp-content\/uploads\/2025\/04\/Floristeria-Miquel-Capella-541-feat-PT-200x300.jpg 200w, https:\/\/mercatdesantacatalina.com\/wp-content\/uploads\/2025\/04\/Floristeria-Miquel-Capella-541-feat-PT-683x1024.jpg 683w, https:\/\/mercatdesantacatalina.com\/wp-content\/uploads\/2025\/04\/Floristeria-Miquel-Capella-541-feat-PT-768x1152.jpg 768w, https:\/\/mercatdesantacatalina.com\/wp-content\/uploads\/2025\/04\/Floristeria-Miquel-Capella-541-feat-PT-660x990.jpg 660w, https:\/\/mercatdesantacatalina.com\/wp-content\/uploads\/2025\/04\/Floristeria-Miquel-Capella-541-feat-PT-1000x1500.jpg 1000w\" sizes=\"auto, (max-width: 1024px) 100vw, 1024px\" \/><\/a><\/figure>\n\n\n\n<figure class=\"wp-block-image size-full\"><a href=\"https:\/\/mercatdesantacatalina.com\/wp-content\/uploads\/2025\/04\/Floristeria-Miquel-Capella-ANT-1.jpg\"><img loading=\"lazy\" decoding=\"async\" width=\"1024\" height=\"1024\" data-id=\"830\" src=\"https:\/\/mercatdesantacatalina.com\/wp-content\/uploads\/2025\/04\/Floristeria-Miquel-Capella-ANT-1.jpg\" alt=\"Floristeria Miquel Capell\u00e0 (Mercat de Santa Catalina)\" class=\"wp-image-830\" srcset=\"https:\/\/mercatdesantacatalina.com\/wp-content\/uploads\/2025\/04\/Floristeria-Miquel-Capella-ANT-1.jpg 1024w, https:\/\/mercatdesantacatalina.com\/wp-content\/uploads\/2025\/04\/Floristeria-Miquel-Capella-ANT-1-300x300.jpg 300w, https:\/\/mercatdesantacatalina.com\/wp-content\/uploads\/2025\/04\/Floristeria-Miquel-Capella-ANT-1-150x150.jpg 150w, https:\/\/mercatdesantacatalina.com\/wp-content\/uploads\/2025\/04\/Floristeria-Miquel-Capella-ANT-1-768x768.jpg 768w, https:\/\/mercatdesantacatalina.com\/wp-content\/uploads\/2025\/04\/Floristeria-Miquel-Capella-ANT-1-660x660.jpg 660w, https:\/\/mercatdesantacatalina.com\/wp-content\/uploads\/2025\/04\/Floristeria-Miquel-Capella-ANT-1-1000x1000.jpg 1000w, https:\/\/mercatdesantacatalina.com\/wp-content\/uploads\/2025\/04\/Floristeria-Miquel-Capella-ANT-1-373x373.jpg 373w\" sizes=\"auto, (max-width: 1024px) 100vw, 1024px\" \/><\/a><\/figure>\n\n\n\n<figure class=\"wp-block-image size-full\"><a href=\"https:\/\/mercatdesantacatalina.com\/wp-content\/uploads\/2025\/04\/Floristeria-Miquel-Capella-ANT-18.jpg\"><img loading=\"lazy\" decoding=\"async\" width=\"960\" height=\"960\" data-id=\"883\" src=\"https:\/\/mercatdesantacatalina.com\/wp-content\/uploads\/2025\/04\/Floristeria-Miquel-Capella-ANT-18.jpg\" alt=\"Floristeria Miquel Capell\u00e0 (Mercat de Santa Catalina)\" class=\"wp-image-883\" srcset=\"https:\/\/mercatdesantacatalina.com\/wp-content\/uploads\/2025\/04\/Floristeria-Miquel-Capella-ANT-18.jpg 960w, https:\/\/mercatdesantacatalina.com\/wp-content\/uploads\/2025\/04\/Floristeria-Miquel-Capella-ANT-18-300x300.jpg 300w, https:\/\/mercatdesantacatalina.com\/wp-content\/uploads\/2025\/04\/Floristeria-Miquel-Capella-ANT-18-150x150.jpg 150w, https:\/\/mercatdesantacatalina.com\/wp-content\/uploads\/2025\/04\/Floristeria-Miquel-Capella-ANT-18-768x768.jpg 768w, https:\/\/mercatdesantacatalina.com\/wp-content\/uploads\/2025\/04\/Floristeria-Miquel-Capella-ANT-18-660x660.jpg 660w, https:\/\/mercatdesantacatalina.com\/wp-content\/uploads\/2025\/04\/Floristeria-Miquel-Capella-ANT-18-373x373.jpg 373w\" sizes=\"auto, (max-width: 960px) 100vw, 960px\" \/><\/a><\/figure>\n\n\n\n<figure class=\"wp-block-image size-full\"><a href=\"https:\/\/mercatdesantacatalina.com\/wp-content\/uploads\/2025\/04\/Floristeria-Miquel-Capella-ANT-17.jpg\"><img loading=\"lazy\" decoding=\"async\" width=\"960\" height=\"960\" data-id=\"880\" src=\"https:\/\/mercatdesantacatalina.com\/wp-content\/uploads\/2025\/04\/Floristeria-Miquel-Capella-ANT-17.jpg\" alt=\"Floristeria Miquel Capell\u00e0 (Mercat de Santa Catalina)\" class=\"wp-image-880\" srcset=\"https:\/\/mercatdesantacatalina.com\/wp-content\/uploads\/2025\/04\/Floristeria-Miquel-Capella-ANT-17.jpg 960w, https:\/\/mercatdesantacatalina.com\/wp-content\/uploads\/2025\/04\/Floristeria-Miquel-Capella-ANT-17-300x300.jpg 300w, https:\/\/mercatdesantacatalina.com\/wp-content\/uploads\/2025\/04\/Floristeria-Miquel-Capella-ANT-17-150x150.jpg 150w, https:\/\/mercatdesantacatalina.com\/wp-content\/uploads\/2025\/04\/Floristeria-Miquel-Capella-ANT-17-768x768.jpg 768w, https:\/\/mercatdesantacatalina.com\/wp-content\/uploads\/2025\/04\/Floristeria-Miquel-Capella-ANT-17-660x660.jpg 660w, https:\/\/mercatdesantacatalina.com\/wp-content\/uploads\/2025\/04\/Floristeria-Miquel-Capella-ANT-17-373x373.jpg 373w\" sizes=\"auto, (max-width: 960px) 100vw, 960px\" \/><\/a><\/figure>\n\n\n\n<figure class=\"wp-block-image size-full\"><a href=\"https:\/\/mercatdesantacatalina.com\/wp-content\/uploads\/2025\/04\/Floristeria-Miquel-Capella-ANT-16.jpg\"><img loading=\"lazy\" decoding=\"async\" width=\"960\" height=\"960\" data-id=\"877\" src=\"https:\/\/mercatdesantacatalina.com\/wp-content\/uploads\/2025\/04\/Floristeria-Miquel-Capella-ANT-16.jpg\" alt=\"Floristeria Miquel Capell\u00e0 (Mercat de Santa Catalina)\" class=\"wp-image-877\" srcset=\"https:\/\/mercatdesantacatalina.com\/wp-content\/uploads\/2025\/04\/Floristeria-Miquel-Capella-ANT-16.jpg 960w, https:\/\/mercatdesantacatalina.com\/wp-content\/uploads\/2025\/04\/Floristeria-Miquel-Capella-ANT-16-300x300.jpg 300w, https:\/\/mercatdesantacatalina.com\/wp-content\/uploads\/2025\/04\/Floristeria-Miquel-Capella-ANT-16-150x150.jpg 150w, https:\/\/mercatdesantacatalina.com\/wp-content\/uploads\/2025\/04\/Floristeria-Miquel-Capella-ANT-16-768x768.jpg 768w, https:\/\/mercatdesantacatalina.com\/wp-content\/uploads\/2025\/04\/Floristeria-Miquel-Capella-ANT-16-660x660.jpg 660w, https:\/\/mercatdesantacatalina.com\/wp-content\/uploads\/2025\/04\/Floristeria-Miquel-Capella-ANT-16-373x373.jpg 373w\" sizes=\"auto, (max-width: 960px) 100vw, 960px\" \/><\/a><\/figure>\n\n\n\n<figure class=\"wp-block-image size-full\"><a href=\"https:\/\/mercatdesantacatalina.com\/wp-content\/uploads\/2025\/04\/Floristeria-Miquel-Capella-ANT-15.jpg\"><img loading=\"lazy\" decoding=\"async\" width=\"960\" height=\"960\" data-id=\"874\" src=\"https:\/\/mercatdesantacatalina.com\/wp-content\/uploads\/2025\/04\/Floristeria-Miquel-Capella-ANT-15.jpg\" alt=\"Floristeria Miquel Capell\u00e0 (Mercat de Santa Catalina)\" class=\"wp-image-874\" srcset=\"https:\/\/mercatdesantacatalina.com\/wp-content\/uploads\/2025\/04\/Floristeria-Miquel-Capella-ANT-15.jpg 960w, https:\/\/mercatdesantacatalina.com\/wp-content\/uploads\/2025\/04\/Floristeria-Miquel-Capella-ANT-15-300x300.jpg 300w, https:\/\/mercatdesantacatalina.com\/wp-content\/uploads\/2025\/04\/Floristeria-Miquel-Capella-ANT-15-150x150.jpg 150w, https:\/\/mercatdesantacatalina.com\/wp-content\/uploads\/2025\/04\/Floristeria-Miquel-Capella-ANT-15-768x768.jpg 768w, https:\/\/mercatdesantacatalina.com\/wp-content\/uploads\/2025\/04\/Floristeria-Miquel-Capella-ANT-15-660x660.jpg 660w, https:\/\/mercatdesantacatalina.com\/wp-content\/uploads\/2025\/04\/Floristeria-Miquel-Capella-ANT-15-373x373.jpg 373w\" sizes=\"auto, (max-width: 960px) 100vw, 960px\" \/><\/a><\/figure>\n\n\n\n<figure class=\"wp-block-image size-full\"><a href=\"https:\/\/mercatdesantacatalina.com\/wp-content\/uploads\/2025\/04\/Floristeria-Miquel-Capella-ANT-14.jpg\"><img loading=\"lazy\" decoding=\"async\" width=\"960\" height=\"960\" data-id=\"871\" src=\"https:\/\/mercatdesantacatalina.com\/wp-content\/uploads\/2025\/04\/Floristeria-Miquel-Capella-ANT-14.jpg\" alt=\"Floristeria Miquel Capell\u00e0 (Mercat de Santa Catalina)\" class=\"wp-image-871\" srcset=\"https:\/\/mercatdesantacatalina.com\/wp-content\/uploads\/2025\/04\/Floristeria-Miquel-Capella-ANT-14.jpg 960w, https:\/\/mercatdesantacatalina.com\/wp-content\/uploads\/2025\/04\/Floristeria-Miquel-Capella-ANT-14-300x300.jpg 300w, https:\/\/mercatdesantacatalina.com\/wp-content\/uploads\/2025\/04\/Floristeria-Miquel-Capella-ANT-14-150x150.jpg 150w, https:\/\/mercatdesantacatalina.com\/wp-content\/uploads\/2025\/04\/Floristeria-Miquel-Capella-ANT-14-768x768.jpg 768w, https:\/\/mercatdesantacatalina.com\/wp-content\/uploads\/2025\/04\/Floristeria-Miquel-Capella-ANT-14-660x660.jpg 660w, https:\/\/mercatdesantacatalina.com\/wp-content\/uploads\/2025\/04\/Floristeria-Miquel-Capella-ANT-14-373x373.jpg 373w\" sizes=\"auto, (max-width: 960px) 100vw, 960px\" \/><\/a><\/figure>\n\n\n\n<figure class=\"wp-block-image size-full\"><a href=\"https:\/\/mercatdesantacatalina.com\/wp-content\/uploads\/2025\/04\/Floristeria-Miquel-Capella-ANT-13.jpg\"><img loading=\"lazy\" decoding=\"async\" width=\"960\" height=\"960\" data-id=\"868\" src=\"https:\/\/mercatdesantacatalina.com\/wp-content\/uploads\/2025\/04\/Floristeria-Miquel-Capella-ANT-13.jpg\" alt=\"Floristeria Miquel Capell\u00e0 (Mercat de Santa Catalina)\" class=\"wp-image-868\" srcset=\"https:\/\/mercatdesantacatalina.com\/wp-content\/uploads\/2025\/04\/Floristeria-Miquel-Capella-ANT-13.jpg 960w, https:\/\/mercatdesantacatalina.com\/wp-content\/uploads\/2025\/04\/Floristeria-Miquel-Capella-ANT-13-300x300.jpg 300w, https:\/\/mercatdesantacatalina.com\/wp-content\/uploads\/2025\/04\/Floristeria-Miquel-Capella-ANT-13-150x150.jpg 150w, https:\/\/mercatdesantacatalina.com\/wp-content\/uploads\/2025\/04\/Floristeria-Miquel-Capella-ANT-13-768x768.jpg 768w, https:\/\/mercatdesantacatalina.com\/wp-content\/uploads\/2025\/04\/Floristeria-Miquel-Capella-ANT-13-660x660.jpg 660w, https:\/\/mercatdesantacatalina.com\/wp-content\/uploads\/2025\/04\/Floristeria-Miquel-Capella-ANT-13-373x373.jpg 373w\" sizes=\"auto, (max-width: 960px) 100vw, 960px\" \/><\/a><\/figure>\n\n\n\n<figure class=\"wp-block-image size-full\"><a href=\"https:\/\/mercatdesantacatalina.com\/wp-content\/uploads\/2025\/04\/Floristeria-Miquel-Capella-ANT-12.jpg\"><img loading=\"lazy\" decoding=\"async\" width=\"1024\" height=\"1024\" data-id=\"865\" src=\"https:\/\/mercatdesantacatalina.com\/wp-content\/uploads\/2025\/04\/Floristeria-Miquel-Capella-ANT-12.jpg\" alt=\"Floristeria Miquel Capell\u00e0 (Mercat de Santa Catalina)\" class=\"wp-image-865\" srcset=\"https:\/\/mercatdesantacatalina.com\/wp-content\/uploads\/2025\/04\/Floristeria-Miquel-Capella-ANT-12.jpg 1024w, https:\/\/mercatdesantacatalina.com\/wp-content\/uploads\/2025\/04\/Floristeria-Miquel-Capella-ANT-12-150x150.jpg 150w, https:\/\/mercatdesantacatalina.com\/wp-content\/uploads\/2025\/04\/Floristeria-Miquel-Capella-ANT-12-300x300.jpg 300w, https:\/\/mercatdesantacatalina.com\/wp-content\/uploads\/2025\/04\/Floristeria-Miquel-Capella-ANT-12-768x768.jpg 768w, https:\/\/mercatdesantacatalina.com\/wp-content\/uploads\/2025\/04\/Floristeria-Miquel-Capella-ANT-12-660x660.jpg 660w, https:\/\/mercatdesantacatalina.com\/wp-content\/uploads\/2025\/04\/Floristeria-Miquel-Capella-ANT-12-1000x1000.jpg 1000w, https:\/\/mercatdesantacatalina.com\/wp-content\/uploads\/2025\/04\/Floristeria-Miquel-Capella-ANT-12-373x373.jpg 373w\" sizes=\"auto, (max-width: 1024px) 100vw, 1024px\" \/><\/a><\/figure>\n\n\n\n<figure class=\"wp-block-image size-full\"><a href=\"https:\/\/mercatdesantacatalina.com\/wp-content\/uploads\/2025\/04\/Floristeria-Miquel-Capella-ANT-11.jpg\"><img loading=\"lazy\" decoding=\"async\" width=\"1024\" height=\"1296\" data-id=\"862\" src=\"https:\/\/mercatdesantacatalina.com\/wp-content\/uploads\/2025\/04\/Floristeria-Miquel-Capella-ANT-11.jpg\" alt=\"Floristeria Miquel Capell\u00e0 (Mercat de Santa Catalina)\" class=\"wp-image-862\" srcset=\"https:\/\/mercatdesantacatalina.com\/wp-content\/uploads\/2025\/04\/Floristeria-Miquel-Capella-ANT-11.jpg 1024w, https:\/\/mercatdesantacatalina.com\/wp-content\/uploads\/2025\/04\/Floristeria-Miquel-Capella-ANT-11-237x300.jpg 237w, https:\/\/mercatdesantacatalina.com\/wp-content\/uploads\/2025\/04\/Floristeria-Miquel-Capella-ANT-11-809x1024.jpg 809w, https:\/\/mercatdesantacatalina.com\/wp-content\/uploads\/2025\/04\/Floristeria-Miquel-Capella-ANT-11-768x972.jpg 768w, https:\/\/mercatdesantacatalina.com\/wp-content\/uploads\/2025\/04\/Floristeria-Miquel-Capella-ANT-11-660x835.jpg 660w, https:\/\/mercatdesantacatalina.com\/wp-content\/uploads\/2025\/04\/Floristeria-Miquel-Capella-ANT-11-1000x1266.jpg 1000w\" sizes=\"auto, (max-width: 1024px) 100vw, 1024px\" \/><\/a><\/figure>\n\n\n\n<figure class=\"wp-block-image size-full\"><a href=\"https:\/\/mercatdesantacatalina.com\/wp-content\/uploads\/2025\/04\/Floristeria-Miquel-Capella-ANT-10.jpg\"><img loading=\"lazy\" decoding=\"async\" width=\"1024\" height=\"683\" data-id=\"857\" src=\"https:\/\/mercatdesantacatalina.com\/wp-content\/uploads\/2025\/04\/Floristeria-Miquel-Capella-ANT-10.jpg\" alt=\"Floristeria Miquel Capell\u00e0 (Mercat de Santa Catalina)\" class=\"wp-image-857\" srcset=\"https:\/\/mercatdesantacatalina.com\/wp-content\/uploads\/2025\/04\/Floristeria-Miquel-Capella-ANT-10.jpg 1024w, https:\/\/mercatdesantacatalina.com\/wp-content\/uploads\/2025\/04\/Floristeria-Miquel-Capella-ANT-10-300x200.jpg 300w, https:\/\/mercatdesantacatalina.com\/wp-content\/uploads\/2025\/04\/Floristeria-Miquel-Capella-ANT-10-768x512.jpg 768w, https:\/\/mercatdesantacatalina.com\/wp-content\/uploads\/2025\/04\/Floristeria-Miquel-Capella-ANT-10-660x440.jpg 660w, https:\/\/mercatdesantacatalina.com\/wp-content\/uploads\/2025\/04\/Floristeria-Miquel-Capella-ANT-10-1000x667.jpg 1000w, https:\/\/mercatdesantacatalina.com\/wp-content\/uploads\/2025\/04\/Floristeria-Miquel-Capella-ANT-10-373x248.jpg 373w\" sizes=\"auto, (max-width: 1024px) 100vw, 1024px\" \/><\/a><\/figure>\n\n\n\n<figure class=\"wp-block-image size-full\"><a href=\"https:\/\/mercatdesantacatalina.com\/wp-content\/uploads\/2025\/04\/Floristeria-Miquel-Capella-ANT-9.jpg\"><img loading=\"lazy\" decoding=\"async\" width=\"1024\" height=\"683\" data-id=\"854\" src=\"https:\/\/mercatdesantacatalina.com\/wp-content\/uploads\/2025\/04\/Floristeria-Miquel-Capella-ANT-9.jpg\" alt=\"Floristeria Miquel Capell\u00e0 (Mercat de Santa Catalina)\" class=\"wp-image-854\" srcset=\"https:\/\/mercatdesantacatalina.com\/wp-content\/uploads\/2025\/04\/Floristeria-Miquel-Capella-ANT-9.jpg 1024w, https:\/\/mercatdesantacatalina.com\/wp-content\/uploads\/2025\/04\/Floristeria-Miquel-Capella-ANT-9-300x200.jpg 300w, https:\/\/mercatdesantacatalina.com\/wp-content\/uploads\/2025\/04\/Floristeria-Miquel-Capella-ANT-9-768x512.jpg 768w, https:\/\/mercatdesantacatalina.com\/wp-content\/uploads\/2025\/04\/Floristeria-Miquel-Capella-ANT-9-660x440.jpg 660w, https:\/\/mercatdesantacatalina.com\/wp-content\/uploads\/2025\/04\/Floristeria-Miquel-Capella-ANT-9-1000x667.jpg 1000w, https:\/\/mercatdesantacatalina.com\/wp-content\/uploads\/2025\/04\/Floristeria-Miquel-Capella-ANT-9-373x248.jpg 373w\" sizes=\"auto, (max-width: 1024px) 100vw, 1024px\" \/><\/a><\/figure>\n\n\n\n<figure class=\"wp-block-image size-full\"><a href=\"https:\/\/mercatdesantacatalina.com\/wp-content\/uploads\/2025\/04\/Floristeria-Miquel-Capella-ANT-8.jpg\"><img loading=\"lazy\" decoding=\"async\" width=\"1024\" height=\"683\" data-id=\"851\" src=\"https:\/\/mercatdesantacatalina.com\/wp-content\/uploads\/2025\/04\/Floristeria-Miquel-Capella-ANT-8.jpg\" alt=\"Floristeria Miquel Capell\u00e0 (Mercat de Santa Catalina)\" class=\"wp-image-851\" srcset=\"https:\/\/mercatdesantacatalina.com\/wp-content\/uploads\/2025\/04\/Floristeria-Miquel-Capella-ANT-8.jpg 1024w, https:\/\/mercatdesantacatalina.com\/wp-content\/uploads\/2025\/04\/Floristeria-Miquel-Capella-ANT-8-300x200.jpg 300w, https:\/\/mercatdesantacatalina.com\/wp-content\/uploads\/2025\/04\/Floristeria-Miquel-Capella-ANT-8-768x512.jpg 768w, https:\/\/mercatdesantacatalina.com\/wp-content\/uploads\/2025\/04\/Floristeria-Miquel-Capella-ANT-8-660x440.jpg 660w, https:\/\/mercatdesantacatalina.com\/wp-content\/uploads\/2025\/04\/Floristeria-Miquel-Capella-ANT-8-1000x667.jpg 1000w, https:\/\/mercatdesantacatalina.com\/wp-content\/uploads\/2025\/04\/Floristeria-Miquel-Capella-ANT-8-373x248.jpg 373w\" sizes=\"auto, (max-width: 1024px) 100vw, 1024px\" \/><\/a><\/figure>\n\n\n\n<figure class=\"wp-block-image size-full\"><a href=\"https:\/\/mercatdesantacatalina.com\/wp-content\/uploads\/2025\/04\/Floristeria-Miquel-Capella-ANT-7.jpg\"><img loading=\"lazy\" decoding=\"async\" width=\"1024\" height=\"683\" data-id=\"848\" src=\"https:\/\/mercatdesantacatalina.com\/wp-content\/uploads\/2025\/04\/Floristeria-Miquel-Capella-ANT-7.jpg\" alt=\"Floristeria Miquel Capell\u00e0 (Mercat de Santa Catalina)\" class=\"wp-image-848\" srcset=\"https:\/\/mercatdesantacatalina.com\/wp-content\/uploads\/2025\/04\/Floristeria-Miquel-Capella-ANT-7.jpg 1024w, https:\/\/mercatdesantacatalina.com\/wp-content\/uploads\/2025\/04\/Floristeria-Miquel-Capella-ANT-7-300x200.jpg 300w, https:\/\/mercatdesantacatalina.com\/wp-content\/uploads\/2025\/04\/Floristeria-Miquel-Capella-ANT-7-768x512.jpg 768w, https:\/\/mercatdesantacatalina.com\/wp-content\/uploads\/2025\/04\/Floristeria-Miquel-Capella-ANT-7-660x440.jpg 660w, https:\/\/mercatdesantacatalina.com\/wp-content\/uploads\/2025\/04\/Floristeria-Miquel-Capella-ANT-7-1000x667.jpg 1000w, https:\/\/mercatdesantacatalina.com\/wp-content\/uploads\/2025\/04\/Floristeria-Miquel-Capella-ANT-7-373x248.jpg 373w\" sizes=\"auto, (max-width: 1024px) 100vw, 1024px\" \/><\/a><\/figure>\n\n\n\n<figure class=\"wp-block-image size-full\"><a href=\"https:\/\/mercatdesantacatalina.com\/wp-content\/uploads\/2025\/04\/Floristeria-Miquel-Capella-ANT-5.jpg\"><img loading=\"lazy\" decoding=\"async\" width=\"1024\" height=\"1024\" data-id=\"842\" src=\"https:\/\/mercatdesantacatalina.com\/wp-content\/uploads\/2025\/04\/Floristeria-Miquel-Capella-ANT-5.jpg\" alt=\"Floristeria Miquel Capell\u00e0 (Mercat de Santa Catalina)\" class=\"wp-image-842\" srcset=\"https:\/\/mercatdesantacatalina.com\/wp-content\/uploads\/2025\/04\/Floristeria-Miquel-Capella-ANT-5.jpg 1024w, https:\/\/mercatdesantacatalina.com\/wp-content\/uploads\/2025\/04\/Floristeria-Miquel-Capella-ANT-5-300x300.jpg 300w, https:\/\/mercatdesantacatalina.com\/wp-content\/uploads\/2025\/04\/Floristeria-Miquel-Capella-ANT-5-150x150.jpg 150w, https:\/\/mercatdesantacatalina.com\/wp-content\/uploads\/2025\/04\/Floristeria-Miquel-Capella-ANT-5-768x768.jpg 768w, https:\/\/mercatdesantacatalina.com\/wp-content\/uploads\/2025\/04\/Floristeria-Miquel-Capella-ANT-5-660x660.jpg 660w, https:\/\/mercatdesantacatalina.com\/wp-content\/uploads\/2025\/04\/Floristeria-Miquel-Capella-ANT-5-1000x1000.jpg 1000w, https:\/\/mercatdesantacatalina.com\/wp-content\/uploads\/2025\/04\/Floristeria-Miquel-Capella-ANT-5-373x373.jpg 373w\" sizes=\"auto, (max-width: 1024px) 100vw, 1024px\" \/><\/a><\/figure>\n\n\n\n<figure class=\"wp-block-image size-full\"><a href=\"https:\/\/mercatdesantacatalina.com\/wp-content\/uploads\/2025\/04\/Floristeria-Miquel-Capella-ANT-4.jpg\"><img loading=\"lazy\" decoding=\"async\" width=\"960\" height=\"960\" data-id=\"839\" src=\"https:\/\/mercatdesantacatalina.com\/wp-content\/uploads\/2025\/04\/Floristeria-Miquel-Capella-ANT-4.jpg\" alt=\"Floristeria Miquel Capell\u00e0 (Mercat de Santa Catalina)\" class=\"wp-image-839\" srcset=\"https:\/\/mercatdesantacatalina.com\/wp-content\/uploads\/2025\/04\/Floristeria-Miquel-Capella-ANT-4.jpg 960w, https:\/\/mercatdesantacatalina.com\/wp-content\/uploads\/2025\/04\/Floristeria-Miquel-Capella-ANT-4-300x300.jpg 300w, https:\/\/mercatdesantacatalina.com\/wp-content\/uploads\/2025\/04\/Floristeria-Miquel-Capella-ANT-4-150x150.jpg 150w, https:\/\/mercatdesantacatalina.com\/wp-content\/uploads\/2025\/04\/Floristeria-Miquel-Capella-ANT-4-768x768.jpg 768w, https:\/\/mercatdesantacatalina.com\/wp-content\/uploads\/2025\/04\/Floristeria-Miquel-Capella-ANT-4-660x660.jpg 660w, https:\/\/mercatdesantacatalina.com\/wp-content\/uploads\/2025\/04\/Floristeria-Miquel-Capella-ANT-4-373x373.jpg 373w\" sizes=\"auto, (max-width: 960px) 100vw, 960px\" \/><\/a><\/figure>\n\n\n\n<figure class=\"wp-block-image size-full\"><a href=\"https:\/\/mercatdesantacatalina.com\/wp-content\/uploads\/2025\/04\/Floristeria-Miquel-Capella-ANT-3.jpg\"><img loading=\"lazy\" decoding=\"async\" width=\"960\" height=\"960\" data-id=\"836\" src=\"https:\/\/mercatdesantacatalina.com\/wp-content\/uploads\/2025\/04\/Floristeria-Miquel-Capella-ANT-3.jpg\" alt=\"Floristeria Miquel Capell\u00e0 (Mercat de Santa Catalina)\" class=\"wp-image-836\" srcset=\"https:\/\/mercatdesantacatalina.com\/wp-content\/uploads\/2025\/04\/Floristeria-Miquel-Capella-ANT-3.jpg 960w, https:\/\/mercatdesantacatalina.com\/wp-content\/uploads\/2025\/04\/Floristeria-Miquel-Capella-ANT-3-300x300.jpg 300w, https:\/\/mercatdesantacatalina.com\/wp-content\/uploads\/2025\/04\/Floristeria-Miquel-Capella-ANT-3-150x150.jpg 150w, https:\/\/mercatdesantacatalina.com\/wp-content\/uploads\/2025\/04\/Floristeria-Miquel-Capella-ANT-3-768x768.jpg 768w, https:\/\/mercatdesantacatalina.com\/wp-content\/uploads\/2025\/04\/Floristeria-Miquel-Capella-ANT-3-660x660.jpg 660w, https:\/\/mercatdesantacatalina.com\/wp-content\/uploads\/2025\/04\/Floristeria-Miquel-Capella-ANT-3-373x373.jpg 373w\" sizes=\"auto, (max-width: 960px) 100vw, 960px\" \/><\/a><\/figure>\n\n\n\n<figure class=\"wp-block-image size-full\"><a href=\"https:\/\/mercatdesantacatalina.com\/wp-content\/uploads\/2025\/04\/Floristeria-Miquel-Capella-ANT-2.jpg\"><img loading=\"lazy\" decoding=\"async\" width=\"960\" height=\"960\" data-id=\"833\" src=\"https:\/\/mercatdesantacatalina.com\/wp-content\/uploads\/2025\/04\/Floristeria-Miquel-Capella-ANT-2.jpg\" alt=\"Floristeria Miquel Capell\u00e0 (Mercat de Santa Catalina)\" class=\"wp-image-833\" srcset=\"https:\/\/mercatdesantacatalina.com\/wp-content\/uploads\/2025\/04\/Floristeria-Miquel-Capella-ANT-2.jpg 960w, https:\/\/mercatdesantacatalina.com\/wp-content\/uploads\/2025\/04\/Floristeria-Miquel-Capella-ANT-2-300x300.jpg 300w, https:\/\/mercatdesantacatalina.com\/wp-content\/uploads\/2025\/04\/Floristeria-Miquel-Capella-ANT-2-150x150.jpg 150w, https:\/\/mercatdesantacatalina.com\/wp-content\/uploads\/2025\/04\/Floristeria-Miquel-Capella-ANT-2-768x768.jpg 768w, https:\/\/mercatdesantacatalina.com\/wp-content\/uploads\/2025\/04\/Floristeria-Miquel-Capella-ANT-2-660x660.jpg 660w, https:\/\/mercatdesantacatalina.com\/wp-content\/uploads\/2025\/04\/Floristeria-Miquel-Capella-ANT-2-373x373.jpg 373w\" sizes=\"auto, (max-width: 960px) 100vw, 960px\" \/><\/a><\/figure>\n\n\n\n<figure class=\"wp-block-image size-full\"><a href=\"https:\/\/mercatdesantacatalina.com\/wp-content\/uploads\/2025\/04\/Floristeria-Miquel-Capella-ANT-6.jpg\"><img loading=\"lazy\" decoding=\"async\" width=\"1024\" height=\"683\" data-id=\"845\" src=\"https:\/\/mercatdesantacatalina.com\/wp-content\/uploads\/2025\/04\/Floristeria-Miquel-Capella-ANT-6.jpg\" alt=\"Floristeria Miquel Capell\u00e0 (Mercat de Santa Catalina)\" class=\"wp-image-845\" srcset=\"https:\/\/mercatdesantacatalina.com\/wp-content\/uploads\/2025\/04\/Floristeria-Miquel-Capella-ANT-6.jpg 1024w, https:\/\/mercatdesantacatalina.com\/wp-content\/uploads\/2025\/04\/Floristeria-Miquel-Capella-ANT-6-300x200.jpg 300w, https:\/\/mercatdesantacatalina.com\/wp-content\/uploads\/2025\/04\/Floristeria-Miquel-Capella-ANT-6-768x512.jpg 768w, https:\/\/mercatdesantacatalina.com\/wp-content\/uploads\/2025\/04\/Floristeria-Miquel-Capella-ANT-6-660x440.jpg 660w, https:\/\/mercatdesantacatalina.com\/wp-content\/uploads\/2025\/04\/Floristeria-Miquel-Capella-ANT-6-1000x667.jpg 1000w, https:\/\/mercatdesantacatalina.com\/wp-content\/uploads\/2025\/04\/Floristeria-Miquel-Capella-ANT-6-373x248.jpg 373w\" sizes=\"auto, (max-width: 1024px) 100vw, 1024px\" \/><\/a><\/figure>\n<\/figure>\n","protected":false},"excerpt":{"rendered":"<p>Parades 66-70, 80-81<\/p>\n","protected":false},"author":2,"featured_media":223,"comment_status":"closed","ping_status":"closed","sticky":false,"template":"","format":"standard","meta":{"footnotes":""},"categories":[30,38,37],"tags":[],"class_list":["post-290","post","type-post","status-publish","format-standard","has-post-thumbnail","hentry","category-floristeria-ca","category-parada","category-puesto"],"yoast_head":"<!-- This site is optimized with the Yoast SEO plugin v27.5 - https:\/\/yoast.com\/product\/yoast-seo-wordpress\/ -->\n<title>Floristeria Miquel Capell\u00e0 - Mercat de Santa Catalina<\/title>\n<meta name=\"robots\" content=\"index, follow, max-snippet:-1, max-image-preview:large, max-video-preview:-1\" \/>\n<link rel=\"canonical\" href=\"https:\/\/mercatdesantacatalina.com\/ca\/floristeria-miquel-capella\/\" \/>\n<meta property=\"og:locale\" content=\"ca_ES\" \/>\n<meta property=\"og:type\" content=\"article\" \/>\n<meta property=\"og:title\" content=\"Floristeria Miquel Capell\u00e0 - Mercat de Santa Catalina\" \/>\n<meta property=\"og:description\" content=\"Parades 66-70, 80-81\" \/>\n<meta property=\"og:url\" content=\"https:\/\/mercatdesantacatalina.com\/ca\/floristeria-miquel-capella\/\" \/>\n<meta property=\"og:site_name\" content=\"Mercat de Santa Catalina\" \/>\n<meta property=\"article:publisher\" content=\"https:\/\/www.facebook.com\/mercatsantacatalina\/\" \/>\n<meta property=\"article:published_time\" content=\"2025-05-06T11:10:30+00:00\" \/>\n<meta property=\"article:modified_time\" content=\"2025-06-17T09:41:15+00:00\" \/>\n<meta property=\"og:image\" content=\"https:\/\/mercatdesantacatalina.com\/wp-content\/uploads\/2025\/04\/Floristeria-Miquel-Capella-538.jpg\" \/>\n\t<meta property=\"og:image:width\" content=\"1024\" \/>\n\t<meta property=\"og:image:height\" content=\"683\" \/>\n\t<meta property=\"og:image:type\" content=\"image\/jpeg\" \/>\n<meta name=\"author\" content=\"Mercat de Santa Catalina\" \/>\n<meta name=\"twitter:card\" content=\"summary_large_image\" \/>\n<meta name=\"twitter:label1\" content=\"Escrit per\" \/>\n\t<meta name=\"twitter:data1\" content=\"Mercat de Santa Catalina\" \/>\n\t<meta name=\"twitter:label2\" content=\"Temps estimat de lectura\" \/>\n\t<meta name=\"twitter:data2\" content=\"8 minuts\" \/>\n<script type=\"application\/ld+json\" class=\"yoast-schema-graph\">{\"@context\":\"https:\\\/\\\/schema.org\",\"@graph\":[{\"@type\":\"Article\",\"@id\":\"https:\\\/\\\/mercatdesantacatalina.com\\\/ca\\\/floristeria-miquel-capella\\\/#article\",\"isPartOf\":{\"@id\":\"https:\\\/\\\/mercatdesantacatalina.com\\\/ca\\\/floristeria-miquel-capella\\\/\"},\"author\":{\"name\":\"Mercat de Santa Catalina\",\"@id\":\"https:\\\/\\\/mercatdesantacatalina.com\\\/ca\\\/#\\\/schema\\\/person\\\/f2dd5c6ee9b925c30cffdcf60aea95ff\"},\"headline\":\"Floristeria Miquel Capell\u00e0\",\"datePublished\":\"2025-05-06T11:10:30+00:00\",\"dateModified\":\"2025-06-17T09:41:15+00:00\",\"mainEntityOfPage\":{\"@id\":\"https:\\\/\\\/mercatdesantacatalina.com\\\/ca\\\/floristeria-miquel-capella\\\/\"},\"wordCount\":210,\"publisher\":{\"@id\":\"https:\\\/\\\/mercatdesantacatalina.com\\\/ca\\\/#organization\"},\"image\":{\"@id\":\"https:\\\/\\\/mercatdesantacatalina.com\\\/ca\\\/floristeria-miquel-capella\\\/#primaryimage\"},\"thumbnailUrl\":\"https:\\\/\\\/mercatdesantacatalina.com\\\/wp-content\\\/uploads\\\/2025\\\/04\\\/Floristeria-Miquel-Capella-538.jpg\",\"articleSection\":[\"Floristeries\",\"Parades\",\"Puestos\"],\"inLanguage\":\"ca\"},{\"@type\":\"WebPage\",\"@id\":\"https:\\\/\\\/mercatdesantacatalina.com\\\/ca\\\/floristeria-miquel-capella\\\/\",\"url\":\"https:\\\/\\\/mercatdesantacatalina.com\\\/ca\\\/floristeria-miquel-capella\\\/\",\"name\":\"Floristeria Miquel Capell\u00e0 - Mercat de Santa Catalina\",\"isPartOf\":{\"@id\":\"https:\\\/\\\/mercatdesantacatalina.com\\\/ca\\\/#website\"},\"primaryImageOfPage\":{\"@id\":\"https:\\\/\\\/mercatdesantacatalina.com\\\/ca\\\/floristeria-miquel-capella\\\/#primaryimage\"},\"image\":{\"@id\":\"https:\\\/\\\/mercatdesantacatalina.com\\\/ca\\\/floristeria-miquel-capella\\\/#primaryimage\"},\"thumbnailUrl\":\"https:\\\/\\\/mercatdesantacatalina.com\\\/wp-content\\\/uploads\\\/2025\\\/04\\\/Floristeria-Miquel-Capella-538.jpg\",\"datePublished\":\"2025-05-06T11:10:30+00:00\",\"dateModified\":\"2025-06-17T09:41:15+00:00\",\"breadcrumb\":{\"@id\":\"https:\\\/\\\/mercatdesantacatalina.com\\\/ca\\\/floristeria-miquel-capella\\\/#breadcrumb\"},\"inLanguage\":\"ca\",\"potentialAction\":[{\"@type\":\"ReadAction\",\"target\":[\"https:\\\/\\\/mercatdesantacatalina.com\\\/ca\\\/floristeria-miquel-capella\\\/\"]}]},{\"@type\":\"ImageObject\",\"inLanguage\":\"ca\",\"@id\":\"https:\\\/\\\/mercatdesantacatalina.com\\\/ca\\\/floristeria-miquel-capella\\\/#primaryimage\",\"url\":\"https:\\\/\\\/mercatdesantacatalina.com\\\/wp-content\\\/uploads\\\/2025\\\/04\\\/Floristeria-Miquel-Capella-538.jpg\",\"contentUrl\":\"https:\\\/\\\/mercatdesantacatalina.com\\\/wp-content\\\/uploads\\\/2025\\\/04\\\/Floristeria-Miquel-Capella-538.jpg\",\"width\":1024,\"height\":683,\"caption\":\"Floristeria Miquel Capell\u00e0 (Mercat de Santa Catalina)\"},{\"@type\":\"BreadcrumbList\",\"@id\":\"https:\\\/\\\/mercatdesantacatalina.com\\\/ca\\\/floristeria-miquel-capella\\\/#breadcrumb\",\"itemListElement\":[{\"@type\":\"ListItem\",\"position\":1,\"name\":\"Portada\",\"item\":\"https:\\\/\\\/mercatdesantacatalina.com\\\/ca\\\/inici\\\/\"},{\"@type\":\"ListItem\",\"position\":2,\"name\":\"Floristeria Miquel Capell\u00e0\"}]},{\"@type\":\"WebSite\",\"@id\":\"https:\\\/\\\/mercatdesantacatalina.com\\\/ca\\\/#website\",\"url\":\"https:\\\/\\\/mercatdesantacatalina.com\\\/ca\\\/\",\"name\":\"Mercat de Santa Catalina\",\"description\":\"Mercado municipal decano de Palma\",\"publisher\":{\"@id\":\"https:\\\/\\\/mercatdesantacatalina.com\\\/ca\\\/#organization\"},\"potentialAction\":[{\"@type\":\"SearchAction\",\"target\":{\"@type\":\"EntryPoint\",\"urlTemplate\":\"https:\\\/\\\/mercatdesantacatalina.com\\\/ca\\\/?s={search_term_string}\"},\"query-input\":{\"@type\":\"PropertyValueSpecification\",\"valueRequired\":true,\"valueName\":\"search_term_string\"}}],\"inLanguage\":\"ca\"},{\"@type\":\"Organization\",\"@id\":\"https:\\\/\\\/mercatdesantacatalina.com\\\/ca\\\/#organization\",\"name\":\"Mercat de Santa Catalina\",\"url\":\"https:\\\/\\\/mercatdesantacatalina.com\\\/ca\\\/\",\"logo\":{\"@type\":\"ImageObject\",\"inLanguage\":\"ca\",\"@id\":\"https:\\\/\\\/mercatdesantacatalina.com\\\/ca\\\/#\\\/schema\\\/logo\\\/image\\\/\",\"url\":\"https:\\\/\\\/mercatdesantacatalina.com\\\/wp-content\\\/uploads\\\/2025\\\/05\\\/Logo-Mercat-Santa-Catalina-1000px.png\",\"contentUrl\":\"https:\\\/\\\/mercatdesantacatalina.com\\\/wp-content\\\/uploads\\\/2025\\\/05\\\/Logo-Mercat-Santa-Catalina-1000px.png\",\"width\":1000,\"height\":1000,\"caption\":\"Mercat de Santa Catalina\"},\"image\":{\"@id\":\"https:\\\/\\\/mercatdesantacatalina.com\\\/ca\\\/#\\\/schema\\\/logo\\\/image\\\/\"},\"sameAs\":[\"https:\\\/\\\/www.facebook.com\\\/mercatsantacatalina\\\/\",\"https:\\\/\\\/www.instagram.com\\\/mercatdesantacatalina\\\/\"]},{\"@type\":\"Person\",\"@id\":\"https:\\\/\\\/mercatdesantacatalina.com\\\/ca\\\/#\\\/schema\\\/person\\\/f2dd5c6ee9b925c30cffdcf60aea95ff\",\"name\":\"Mercat de Santa Catalina\",\"image\":{\"@type\":\"ImageObject\",\"inLanguage\":\"ca\",\"@id\":\"https:\\\/\\\/secure.gravatar.com\\\/avatar\\\/795a64c0fdef9a073a2789bc748f43c21362dbab78e5889fa196f88e37df7b5d?s=96&d=mm&r=g\",\"url\":\"https:\\\/\\\/secure.gravatar.com\\\/avatar\\\/795a64c0fdef9a073a2789bc748f43c21362dbab78e5889fa196f88e37df7b5d?s=96&d=mm&r=g\",\"contentUrl\":\"https:\\\/\\\/secure.gravatar.com\\\/avatar\\\/795a64c0fdef9a073a2789bc748f43c21362dbab78e5889fa196f88e37df7b5d?s=96&d=mm&r=g\",\"caption\":\"Mercat de Santa Catalina\"},\"description\":\"Mercat municipal de Santa Catalina (Palma).\",\"sameAs\":[\"https:\\\/\\\/mercatdesantacatalina.com\\\/\"]}]}<\/script>\n<!-- \/ Yoast SEO plugin. -->","yoast_head_json":{"title":"Floristeria Miquel Capell\u00e0 - Mercat de Santa Catalina","robots":{"index":"index","follow":"follow","max-snippet":"max-snippet:-1","max-image-preview":"max-image-preview:large","max-video-preview":"max-video-preview:-1"},"canonical":"https:\/\/mercatdesantacatalina.com\/ca\/floristeria-miquel-capella\/","og_locale":"ca_ES","og_type":"article","og_title":"Floristeria Miquel Capell\u00e0 - Mercat de Santa Catalina","og_description":"Parades 66-70, 80-81","og_url":"https:\/\/mercatdesantacatalina.com\/ca\/floristeria-miquel-capella\/","og_site_name":"Mercat de Santa Catalina","article_publisher":"https:\/\/www.facebook.com\/mercatsantacatalina\/","article_published_time":"2025-05-06T11:10:30+00:00","article_modified_time":"2025-06-17T09:41:15+00:00","og_image":[{"width":1024,"height":683,"url":"https:\/\/mercatdesantacatalina.com\/wp-content\/uploads\/2025\/04\/Floristeria-Miquel-Capella-538.jpg","type":"image\/jpeg"}],"author":"Mercat de Santa Catalina","twitter_card":"summary_large_image","twitter_misc":{"Escrit per":"Mercat de Santa Catalina","Temps estimat de lectura":"8 minuts"},"schema":{"@context":"https:\/\/schema.org","@graph":[{"@type":"Article","@id":"https:\/\/mercatdesantacatalina.com\/ca\/floristeria-miquel-capella\/#article","isPartOf":{"@id":"https:\/\/mercatdesantacatalina.com\/ca\/floristeria-miquel-capella\/"},"author":{"name":"Mercat de Santa Catalina","@id":"https:\/\/mercatdesantacatalina.com\/ca\/#\/schema\/person\/f2dd5c6ee9b925c30cffdcf60aea95ff"},"headline":"Floristeria Miquel Capell\u00e0","datePublished":"2025-05-06T11:10:30+00:00","dateModified":"2025-06-17T09:41:15+00:00","mainEntityOfPage":{"@id":"https:\/\/mercatdesantacatalina.com\/ca\/floristeria-miquel-capella\/"},"wordCount":210,"publisher":{"@id":"https:\/\/mercatdesantacatalina.com\/ca\/#organization"},"image":{"@id":"https:\/\/mercatdesantacatalina.com\/ca\/floristeria-miquel-capella\/#primaryimage"},"thumbnailUrl":"https:\/\/mercatdesantacatalina.com\/wp-content\/uploads\/2025\/04\/Floristeria-Miquel-Capella-538.jpg","articleSection":["Floristeries","Parades","Puestos"],"inLanguage":"ca"},{"@type":"WebPage","@id":"https:\/\/mercatdesantacatalina.com\/ca\/floristeria-miquel-capella\/","url":"https:\/\/mercatdesantacatalina.com\/ca\/floristeria-miquel-capella\/","name":"Floristeria Miquel Capell\u00e0 - Mercat de Santa Catalina","isPartOf":{"@id":"https:\/\/mercatdesantacatalina.com\/ca\/#website"},"primaryImageOfPage":{"@id":"https:\/\/mercatdesantacatalina.com\/ca\/floristeria-miquel-capella\/#primaryimage"},"image":{"@id":"https:\/\/mercatdesantacatalina.com\/ca\/floristeria-miquel-capella\/#primaryimage"},"thumbnailUrl":"https:\/\/mercatdesantacatalina.com\/wp-content\/uploads\/2025\/04\/Floristeria-Miquel-Capella-538.jpg","datePublished":"2025-05-06T11:10:30+00:00","dateModified":"2025-06-17T09:41:15+00:00","breadcrumb":{"@id":"https:\/\/mercatdesantacatalina.com\/ca\/floristeria-miquel-capella\/#breadcrumb"},"inLanguage":"ca","potentialAction":[{"@type":"ReadAction","target":["https:\/\/mercatdesantacatalina.com\/ca\/floristeria-miquel-capella\/"]}]},{"@type":"ImageObject","inLanguage":"ca","@id":"https:\/\/mercatdesantacatalina.com\/ca\/floristeria-miquel-capella\/#primaryimage","url":"https:\/\/mercatdesantacatalina.com\/wp-content\/uploads\/2025\/04\/Floristeria-Miquel-Capella-538.jpg","contentUrl":"https:\/\/mercatdesantacatalina.com\/wp-content\/uploads\/2025\/04\/Floristeria-Miquel-Capella-538.jpg","width":1024,"height":683,"caption":"Floristeria Miquel Capell\u00e0 (Mercat de Santa Catalina)"},{"@type":"BreadcrumbList","@id":"https:\/\/mercatdesantacatalina.com\/ca\/floristeria-miquel-capella\/#breadcrumb","itemListElement":[{"@type":"ListItem","position":1,"name":"Portada","item":"https:\/\/mercatdesantacatalina.com\/ca\/inici\/"},{"@type":"ListItem","position":2,"name":"Floristeria Miquel Capell\u00e0"}]},{"@type":"WebSite","@id":"https:\/\/mercatdesantacatalina.com\/ca\/#website","url":"https:\/\/mercatdesantacatalina.com\/ca\/","name":"Mercat de Santa Catalina","description":"Mercado municipal decano de Palma","publisher":{"@id":"https:\/\/mercatdesantacatalina.com\/ca\/#organization"},"potentialAction":[{"@type":"SearchAction","target":{"@type":"EntryPoint","urlTemplate":"https:\/\/mercatdesantacatalina.com\/ca\/?s={search_term_string}"},"query-input":{"@type":"PropertyValueSpecification","valueRequired":true,"valueName":"search_term_string"}}],"inLanguage":"ca"},{"@type":"Organization","@id":"https:\/\/mercatdesantacatalina.com\/ca\/#organization","name":"Mercat de Santa Catalina","url":"https:\/\/mercatdesantacatalina.com\/ca\/","logo":{"@type":"ImageObject","inLanguage":"ca","@id":"https:\/\/mercatdesantacatalina.com\/ca\/#\/schema\/logo\/image\/","url":"https:\/\/mercatdesantacatalina.com\/wp-content\/uploads\/2025\/05\/Logo-Mercat-Santa-Catalina-1000px.png","contentUrl":"https:\/\/mercatdesantacatalina.com\/wp-content\/uploads\/2025\/05\/Logo-Mercat-Santa-Catalina-1000px.png","width":1000,"height":1000,"caption":"Mercat de Santa Catalina"},"image":{"@id":"https:\/\/mercatdesantacatalina.com\/ca\/#\/schema\/logo\/image\/"},"sameAs":["https:\/\/www.facebook.com\/mercatsantacatalina\/","https:\/\/www.instagram.com\/mercatdesantacatalina\/"]},{"@type":"Person","@id":"https:\/\/mercatdesantacatalina.com\/ca\/#\/schema\/person\/f2dd5c6ee9b925c30cffdcf60aea95ff","name":"Mercat de Santa Catalina","image":{"@type":"ImageObject","inLanguage":"ca","@id":"https:\/\/secure.gravatar.com\/avatar\/795a64c0fdef9a073a2789bc748f43c21362dbab78e5889fa196f88e37df7b5d?s=96&d=mm&r=g","url":"https:\/\/secure.gravatar.com\/avatar\/795a64c0fdef9a073a2789bc748f43c21362dbab78e5889fa196f88e37df7b5d?s=96&d=mm&r=g","contentUrl":"https:\/\/secure.gravatar.com\/avatar\/795a64c0fdef9a073a2789bc748f43c21362dbab78e5889fa196f88e37df7b5d?s=96&d=mm&r=g","caption":"Mercat de Santa Catalina"},"description":"Mercat municipal de Santa Catalina (Palma).","sameAs":["https:\/\/mercatdesantacatalina.com\/"]}]}},"_links":{"self":[{"href":"https:\/\/mercatdesantacatalina.com\/ca\/wp-json\/wp\/v2\/posts\/290","targetHints":{"allow":["GET"]}}],"collection":[{"href":"https:\/\/mercatdesantacatalina.com\/ca\/wp-json\/wp\/v2\/posts"}],"about":[{"href":"https:\/\/mercatdesantacatalina.com\/ca\/wp-json\/wp\/v2\/types\/post"}],"author":[{"embeddable":true,"href":"https:\/\/mercatdesantacatalina.com\/ca\/wp-json\/wp\/v2\/users\/2"}],"replies":[{"embeddable":true,"href":"https:\/\/mercatdesantacatalina.com\/ca\/wp-json\/wp\/v2\/comments?post=290"}],"version-history":[{"count":5,"href":"https:\/\/mercatdesantacatalina.com\/ca\/wp-json\/wp\/v2\/posts\/290\/revisions"}],"predecessor-version":[{"id":5731,"href":"https:\/\/mercatdesantacatalina.com\/ca\/wp-json\/wp\/v2\/posts\/290\/revisions\/5731"}],"wp:featuredmedia":[{"embeddable":true,"href":"https:\/\/mercatdesantacatalina.com\/ca\/wp-json\/wp\/v2\/media\/223"}],"wp:attachment":[{"href":"https:\/\/mercatdesantacatalina.com\/ca\/wp-json\/wp\/v2\/media?parent=290"}],"wp:term":[{"taxonomy":"category","embeddable":true,"href":"https:\/\/mercatdesantacatalina.com\/ca\/wp-json\/wp\/v2\/categories?post=290"},{"taxonomy":"post_tag","embeddable":true,"href":"https:\/\/mercatdesantacatalina.com\/ca\/wp-json\/wp\/v2\/tags?post=290"}],"curies":[{"name":"wp","href":"https:\/\/api.w.org\/{rel}","templated":true}]}}