{"id":294,"date":"2025-05-06T13:35:47","date_gmt":"2025-05-06T11:35:47","guid":{"rendered":"https:\/\/mercatdesantacatalina.com\/?p=294"},"modified":"2025-06-16T18:11:24","modified_gmt":"2025-06-16T16:11:24","slug":"fleurs-santa-catalina","status":"publish","type":"post","link":"https:\/\/mercatdesantacatalina.com\/ca\/fleurs-santa-catalina\/","title":{"rendered":"Fleurs Santa Catalina"},"content":{"rendered":"\n<h2 class=\"wp-block-heading\">Dades de contacte<\/h2>\n\n\n\n<figure class=\"wp-block-table\"><table><tbody><tr><td><strong>Parades<\/strong><\/td><td><a href=\"https:\/\/mercatdesantacatalina.com\/wp-content\/uploads\/2025\/06\/Ubica-ES-Juanita-Fleurs-FabricaHamb.gif\" target=\"_blank\" rel=\"noreferrer noopener\">82-83<\/a><\/td><\/tr><tr><td><strong>Tel.<\/strong><\/td><td><a href=\"tel:+34615234858\" target=\"_blank\" rel=\"noreferrer noopener nofollow\">+34 615 234 858<\/a><\/td><\/tr><tr><td><strong>Website<\/strong><\/td><td><a href=\"https:\/\/www.fleursantacatalina.com\/\" target=\"_blank\" rel=\"noreferrer noopener\">https:\/\/www.fleursantacatalina.com\/<\/a><\/td><\/tr><tr><td><strong>Email<\/strong><\/td><td><a href=\"mailto:fleurs.santacatalina@gmail.com\" target=\"_blank\" rel=\"noreferrer noopener nofollow\">fleurs.santacatalina@gmail.com<\/a><\/td><\/tr><tr><td><strong>IG<\/strong><\/td><td><a href=\"https:\/\/www.instagram.com\/fleursantacatalina\/\" target=\"_blank\" rel=\"noreferrer noopener\">@fleursantacatalina<\/a><\/td><\/tr><tr><td><strong>FB<\/strong><\/td><td><a href=\"https:\/\/www.facebook.com\/Fleurs-Santa-Catalina-100566351386771\/\" target=\"_blank\" rel=\"noreferrer noopener\">Fleurs Santa Catalina<\/a><\/td><\/tr><\/tbody><\/table><\/figure>\n\n\n\n<h2 class=\"wp-block-heading\">Com va n\u00e9ixer Fleurs?<\/h2>\n\n\n\n<p><em>Fleurs Santa Catalina<\/em> va veure la llum l&#8217;any 2019, al bell mig de Mallorca, fruit del somni compartit de na Geraldine i na Christel. M\u00e9s que una simple floristeria, volien crear un espai on cada ram transmet\u00e9s emoci\u00f3, cura i autenticitat.<\/p>\n\n\n\n<p>Tot i els temps dif\u00edcils de la pand\u00e8mia, el projecte va continuar creixent amb il\u00b7lusi\u00f3, creativitat i una connexi\u00f3 real amb cada client. Amb els anys, s&#8217;hi varen afegir na Maria Anna i na Daniela, que aportaren talent, innovaci\u00f3 i una visi\u00f3 fresca i moderna.<\/p>\n\n\n\n<p>Avui en dia, <em>Fleurs<\/em> s&#8217;ha convertit en tot un referent floral a Mallorca. Els nostres clients preferents s\u00f3n els iots, per\u00f2 posam el mateix entusiasme en qualsevol feina: noces, esdeveniments, decoraci\u00f3, rams a mida&#8230; Cada flor t\u00e9 la seva pr\u00f2pia hist\u00f2ria, i cada client forma part de la nostra fam\u00edlia.<\/p>\n\n\n\n<h2 class=\"wp-block-heading\">Galeria<\/h2>\n\n\n\n<figure class=\"wp-block-gallery has-nested-images columns-default is-cropped wp-block-gallery-1 is-layout-flex wp-block-gallery-is-layout-flex\">\n<figure class=\"wp-block-image size-full\"><a href=\"https:\/\/mercatdesantacatalina.com\/wp-content\/uploads\/2025\/05\/Fleurs-Mercat-Santa-Catalina-1.jpg\"><img loading=\"lazy\" decoding=\"async\" width=\"683\" height=\"1024\" data-id=\"4071\" src=\"https:\/\/mercatdesantacatalina.com\/wp-content\/uploads\/2025\/05\/Fleurs-Mercat-Santa-Catalina-1.jpg\" alt=\"Fleurs (Mercat Santa Catalina)\" class=\"wp-image-4071\" srcset=\"https:\/\/mercatdesantacatalina.com\/wp-content\/uploads\/2025\/05\/Fleurs-Mercat-Santa-Catalina-1.jpg 683w, https:\/\/mercatdesantacatalina.com\/wp-content\/uploads\/2025\/05\/Fleurs-Mercat-Santa-Catalina-1-200x300.jpg 200w, https:\/\/mercatdesantacatalina.com\/wp-content\/uploads\/2025\/05\/Fleurs-Mercat-Santa-Catalina-1-660x990.jpg 660w\" sizes=\"auto, (max-width: 683px) 100vw, 683px\" \/><\/a><\/figure>\n\n\n\n<figure class=\"wp-block-image size-full\"><a href=\"https:\/\/mercatdesantacatalina.com\/wp-content\/uploads\/2025\/05\/Fleurs-Mercat-Santa-Catalina-2.jpg\"><img loading=\"lazy\" decoding=\"async\" width=\"683\" height=\"1024\" data-id=\"4074\" src=\"https:\/\/mercatdesantacatalina.com\/wp-content\/uploads\/2025\/05\/Fleurs-Mercat-Santa-Catalina-2.jpg\" alt=\"Fleurs (Mercat Santa Catalina)\" class=\"wp-image-4074\" srcset=\"https:\/\/mercatdesantacatalina.com\/wp-content\/uploads\/2025\/05\/Fleurs-Mercat-Santa-Catalina-2.jpg 683w, https:\/\/mercatdesantacatalina.com\/wp-content\/uploads\/2025\/05\/Fleurs-Mercat-Santa-Catalina-2-200x300.jpg 200w, https:\/\/mercatdesantacatalina.com\/wp-content\/uploads\/2025\/05\/Fleurs-Mercat-Santa-Catalina-2-660x990.jpg 660w\" sizes=\"auto, (max-width: 683px) 100vw, 683px\" \/><\/a><\/figure>\n\n\n\n<figure class=\"wp-block-image size-full\"><a href=\"https:\/\/mercatdesantacatalina.com\/wp-content\/uploads\/2025\/05\/Fleurs-Mercat-Santa-Catalina-3.jpg\"><img loading=\"lazy\" decoding=\"async\" width=\"683\" height=\"1024\" data-id=\"4077\" src=\"https:\/\/mercatdesantacatalina.com\/wp-content\/uploads\/2025\/05\/Fleurs-Mercat-Santa-Catalina-3.jpg\" alt=\"Fleurs (Mercat Santa Catalina)\" class=\"wp-image-4077\" srcset=\"https:\/\/mercatdesantacatalina.com\/wp-content\/uploads\/2025\/05\/Fleurs-Mercat-Santa-Catalina-3.jpg 683w, https:\/\/mercatdesantacatalina.com\/wp-content\/uploads\/2025\/05\/Fleurs-Mercat-Santa-Catalina-3-200x300.jpg 200w, https:\/\/mercatdesantacatalina.com\/wp-content\/uploads\/2025\/05\/Fleurs-Mercat-Santa-Catalina-3-660x990.jpg 660w\" sizes=\"auto, (max-width: 683px) 100vw, 683px\" \/><\/a><\/figure>\n\n\n\n<figure class=\"wp-block-image size-full\"><a href=\"https:\/\/mercatdesantacatalina.com\/wp-content\/uploads\/2025\/05\/Fleurs-Mercat-Santa-Catalina-4.jpg\"><img loading=\"lazy\" decoding=\"async\" width=\"1024\" height=\"1536\" data-id=\"4080\" src=\"https:\/\/mercatdesantacatalina.com\/wp-content\/uploads\/2025\/05\/Fleurs-Mercat-Santa-Catalina-4.jpg\" alt=\"Fleurs (Mercat Santa Catalina)\" class=\"wp-image-4080\" srcset=\"https:\/\/mercatdesantacatalina.com\/wp-content\/uploads\/2025\/05\/Fleurs-Mercat-Santa-Catalina-4.jpg 1024w, https:\/\/mercatdesantacatalina.com\/wp-content\/uploads\/2025\/05\/Fleurs-Mercat-Santa-Catalina-4-200x300.jpg 200w, https:\/\/mercatdesantacatalina.com\/wp-content\/uploads\/2025\/05\/Fleurs-Mercat-Santa-Catalina-4-683x1024.jpg 683w, https:\/\/mercatdesantacatalina.com\/wp-content\/uploads\/2025\/05\/Fleurs-Mercat-Santa-Catalina-4-768x1152.jpg 768w, https:\/\/mercatdesantacatalina.com\/wp-content\/uploads\/2025\/05\/Fleurs-Mercat-Santa-Catalina-4-660x990.jpg 660w, https:\/\/mercatdesantacatalina.com\/wp-content\/uploads\/2025\/05\/Fleurs-Mercat-Santa-Catalina-4-1000x1500.jpg 1000w\" sizes=\"auto, (max-width: 1024px) 100vw, 1024px\" \/><\/a><\/figure>\n\n\n\n<figure class=\"wp-block-image size-full\"><a href=\"https:\/\/mercatdesantacatalina.com\/wp-content\/uploads\/2025\/05\/Fleurs-Mercat-Santa-Catalina-5.jpg\"><img loading=\"lazy\" decoding=\"async\" width=\"1024\" height=\"1536\" data-id=\"4083\" src=\"https:\/\/mercatdesantacatalina.com\/wp-content\/uploads\/2025\/05\/Fleurs-Mercat-Santa-Catalina-5.jpg\" alt=\"Fleurs (Mercat Santa Catalina)\" class=\"wp-image-4083\" srcset=\"https:\/\/mercatdesantacatalina.com\/wp-content\/uploads\/2025\/05\/Fleurs-Mercat-Santa-Catalina-5.jpg 1024w, https:\/\/mercatdesantacatalina.com\/wp-content\/uploads\/2025\/05\/Fleurs-Mercat-Santa-Catalina-5-200x300.jpg 200w, https:\/\/mercatdesantacatalina.com\/wp-content\/uploads\/2025\/05\/Fleurs-Mercat-Santa-Catalina-5-683x1024.jpg 683w, https:\/\/mercatdesantacatalina.com\/wp-content\/uploads\/2025\/05\/Fleurs-Mercat-Santa-Catalina-5-768x1152.jpg 768w, https:\/\/mercatdesantacatalina.com\/wp-content\/uploads\/2025\/05\/Fleurs-Mercat-Santa-Catalina-5-660x990.jpg 660w, https:\/\/mercatdesantacatalina.com\/wp-content\/uploads\/2025\/05\/Fleurs-Mercat-Santa-Catalina-5-1000x1500.jpg 1000w\" sizes=\"auto, (max-width: 1024px) 100vw, 1024px\" \/><\/a><\/figure>\n\n\n\n<figure class=\"wp-block-image size-full\"><a href=\"https:\/\/mercatdesantacatalina.com\/wp-content\/uploads\/2025\/05\/Fleurs-Mercat-Santa-Catalina-6.jpg\"><img loading=\"lazy\" decoding=\"async\" width=\"1024\" height=\"1536\" data-id=\"4086\" src=\"https:\/\/mercatdesantacatalina.com\/wp-content\/uploads\/2025\/05\/Fleurs-Mercat-Santa-Catalina-6.jpg\" alt=\"Fleurs (Mercat Santa Catalina)\" class=\"wp-image-4086\" srcset=\"https:\/\/mercatdesantacatalina.com\/wp-content\/uploads\/2025\/05\/Fleurs-Mercat-Santa-Catalina-6.jpg 1024w, https:\/\/mercatdesantacatalina.com\/wp-content\/uploads\/2025\/05\/Fleurs-Mercat-Santa-Catalina-6-200x300.jpg 200w, https:\/\/mercatdesantacatalina.com\/wp-content\/uploads\/2025\/05\/Fleurs-Mercat-Santa-Catalina-6-683x1024.jpg 683w, https:\/\/mercatdesantacatalina.com\/wp-content\/uploads\/2025\/05\/Fleurs-Mercat-Santa-Catalina-6-768x1152.jpg 768w, https:\/\/mercatdesantacatalina.com\/wp-content\/uploads\/2025\/05\/Fleurs-Mercat-Santa-Catalina-6-660x990.jpg 660w, https:\/\/mercatdesantacatalina.com\/wp-content\/uploads\/2025\/05\/Fleurs-Mercat-Santa-Catalina-6-1000x1500.jpg 1000w\" sizes=\"auto, (max-width: 1024px) 100vw, 1024px\" \/><\/a><\/figure>\n\n\n\n<figure class=\"wp-block-image size-full\"><a href=\"https:\/\/mercatdesantacatalina.com\/wp-content\/uploads\/2025\/05\/Fleurs-Mercat-Santa-Catalina-7.jpg\"><img loading=\"lazy\" decoding=\"async\" width=\"1024\" height=\"1536\" data-id=\"4089\" src=\"https:\/\/mercatdesantacatalina.com\/wp-content\/uploads\/2025\/05\/Fleurs-Mercat-Santa-Catalina-7.jpg\" alt=\"Fleurs (Mercat Santa Catalina)\" class=\"wp-image-4089\" srcset=\"https:\/\/mercatdesantacatalina.com\/wp-content\/uploads\/2025\/05\/Fleurs-Mercat-Santa-Catalina-7.jpg 1024w, https:\/\/mercatdesantacatalina.com\/wp-content\/uploads\/2025\/05\/Fleurs-Mercat-Santa-Catalina-7-200x300.jpg 200w, https:\/\/mercatdesantacatalina.com\/wp-content\/uploads\/2025\/05\/Fleurs-Mercat-Santa-Catalina-7-683x1024.jpg 683w, https:\/\/mercatdesantacatalina.com\/wp-content\/uploads\/2025\/05\/Fleurs-Mercat-Santa-Catalina-7-768x1152.jpg 768w, https:\/\/mercatdesantacatalina.com\/wp-content\/uploads\/2025\/05\/Fleurs-Mercat-Santa-Catalina-7-660x990.jpg 660w, https:\/\/mercatdesantacatalina.com\/wp-content\/uploads\/2025\/05\/Fleurs-Mercat-Santa-Catalina-7-1000x1500.jpg 1000w\" sizes=\"auto, (max-width: 1024px) 100vw, 1024px\" \/><\/a><\/figure>\n\n\n\n<figure class=\"wp-block-image size-full\"><a href=\"https:\/\/mercatdesantacatalina.com\/wp-content\/uploads\/2025\/05\/Fleurs-Mercat-Santa-Catalina-8.jpg\"><img loading=\"lazy\" decoding=\"async\" width=\"1024\" height=\"1536\" data-id=\"4092\" src=\"https:\/\/mercatdesantacatalina.com\/wp-content\/uploads\/2025\/05\/Fleurs-Mercat-Santa-Catalina-8.jpg\" alt=\"Fleurs (Mercat Santa Catalina)\" class=\"wp-image-4092\" srcset=\"https:\/\/mercatdesantacatalina.com\/wp-content\/uploads\/2025\/05\/Fleurs-Mercat-Santa-Catalina-8.jpg 1024w, https:\/\/mercatdesantacatalina.com\/wp-content\/uploads\/2025\/05\/Fleurs-Mercat-Santa-Catalina-8-200x300.jpg 200w, https:\/\/mercatdesantacatalina.com\/wp-content\/uploads\/2025\/05\/Fleurs-Mercat-Santa-Catalina-8-683x1024.jpg 683w, https:\/\/mercatdesantacatalina.com\/wp-content\/uploads\/2025\/05\/Fleurs-Mercat-Santa-Catalina-8-768x1152.jpg 768w, https:\/\/mercatdesantacatalina.com\/wp-content\/uploads\/2025\/05\/Fleurs-Mercat-Santa-Catalina-8-660x990.jpg 660w, https:\/\/mercatdesantacatalina.com\/wp-content\/uploads\/2025\/05\/Fleurs-Mercat-Santa-Catalina-8-1000x1500.jpg 1000w\" sizes=\"auto, (max-width: 1024px) 100vw, 1024px\" \/><\/a><\/figure>\n\n\n\n<figure class=\"wp-block-image size-full\"><a href=\"https:\/\/mercatdesantacatalina.com\/wp-content\/uploads\/2025\/05\/Fleurs-Mercat-Santa-Catalina-9.jpg\"><img loading=\"lazy\" decoding=\"async\" width=\"1024\" height=\"1536\" data-id=\"4095\" src=\"https:\/\/mercatdesantacatalina.com\/wp-content\/uploads\/2025\/05\/Fleurs-Mercat-Santa-Catalina-9.jpg\" alt=\"Fleurs (Mercat Santa Catalina)\" class=\"wp-image-4095\" srcset=\"https:\/\/mercatdesantacatalina.com\/wp-content\/uploads\/2025\/05\/Fleurs-Mercat-Santa-Catalina-9.jpg 1024w, https:\/\/mercatdesantacatalina.com\/wp-content\/uploads\/2025\/05\/Fleurs-Mercat-Santa-Catalina-9-200x300.jpg 200w, https:\/\/mercatdesantacatalina.com\/wp-content\/uploads\/2025\/05\/Fleurs-Mercat-Santa-Catalina-9-683x1024.jpg 683w, https:\/\/mercatdesantacatalina.com\/wp-content\/uploads\/2025\/05\/Fleurs-Mercat-Santa-Catalina-9-768x1152.jpg 768w, https:\/\/mercatdesantacatalina.com\/wp-content\/uploads\/2025\/05\/Fleurs-Mercat-Santa-Catalina-9-660x990.jpg 660w, https:\/\/mercatdesantacatalina.com\/wp-content\/uploads\/2025\/05\/Fleurs-Mercat-Santa-Catalina-9-1000x1500.jpg 1000w\" sizes=\"auto, (max-width: 1024px) 100vw, 1024px\" \/><\/a><\/figure>\n\n\n\n<figure class=\"wp-block-image size-full\"><a href=\"https:\/\/mercatdesantacatalina.com\/wp-content\/uploads\/2025\/05\/Fleurs-Mercat-Santa-Catalina-10.jpg\"><img loading=\"lazy\" decoding=\"async\" width=\"683\" height=\"1024\" data-id=\"4098\" src=\"https:\/\/mercatdesantacatalina.com\/wp-content\/uploads\/2025\/05\/Fleurs-Mercat-Santa-Catalina-10.jpg\" alt=\"Fleurs (Mercat Santa Catalina)\" class=\"wp-image-4098\" srcset=\"https:\/\/mercatdesantacatalina.com\/wp-content\/uploads\/2025\/05\/Fleurs-Mercat-Santa-Catalina-10.jpg 683w, https:\/\/mercatdesantacatalina.com\/wp-content\/uploads\/2025\/05\/Fleurs-Mercat-Santa-Catalina-10-200x300.jpg 200w, https:\/\/mercatdesantacatalina.com\/wp-content\/uploads\/2025\/05\/Fleurs-Mercat-Santa-Catalina-10-660x990.jpg 660w\" sizes=\"auto, (max-width: 683px) 100vw, 683px\" \/><\/a><\/figure>\n\n\n\n<figure class=\"wp-block-image size-full\"><a href=\"https:\/\/mercatdesantacatalina.com\/wp-content\/uploads\/2025\/05\/Fleurs-Mercat-Santa-Catalina-11.jpg\"><img loading=\"lazy\" decoding=\"async\" width=\"683\" height=\"1024\" data-id=\"4101\" src=\"https:\/\/mercatdesantacatalina.com\/wp-content\/uploads\/2025\/05\/Fleurs-Mercat-Santa-Catalina-11.jpg\" alt=\"Fleurs (Mercat Santa Catalina)\" class=\"wp-image-4101\" srcset=\"https:\/\/mercatdesantacatalina.com\/wp-content\/uploads\/2025\/05\/Fleurs-Mercat-Santa-Catalina-11.jpg 683w, https:\/\/mercatdesantacatalina.com\/wp-content\/uploads\/2025\/05\/Fleurs-Mercat-Santa-Catalina-11-200x300.jpg 200w, https:\/\/mercatdesantacatalina.com\/wp-content\/uploads\/2025\/05\/Fleurs-Mercat-Santa-Catalina-11-660x990.jpg 660w\" sizes=\"auto, (max-width: 683px) 100vw, 683px\" \/><\/a><\/figure>\n\n\n\n<figure class=\"wp-block-image size-full\"><a href=\"https:\/\/mercatdesantacatalina.com\/wp-content\/uploads\/2025\/05\/Fleurs-Mercat-Santa-Catalina-12.jpg\"><img loading=\"lazy\" decoding=\"async\" width=\"1024\" height=\"1536\" data-id=\"4104\" src=\"https:\/\/mercatdesantacatalina.com\/wp-content\/uploads\/2025\/05\/Fleurs-Mercat-Santa-Catalina-12.jpg\" alt=\"Fleurs (Mercat Santa Catalina)\" class=\"wp-image-4104\" srcset=\"https:\/\/mercatdesantacatalina.com\/wp-content\/uploads\/2025\/05\/Fleurs-Mercat-Santa-Catalina-12.jpg 1024w, https:\/\/mercatdesantacatalina.com\/wp-content\/uploads\/2025\/05\/Fleurs-Mercat-Santa-Catalina-12-200x300.jpg 200w, https:\/\/mercatdesantacatalina.com\/wp-content\/uploads\/2025\/05\/Fleurs-Mercat-Santa-Catalina-12-683x1024.jpg 683w, https:\/\/mercatdesantacatalina.com\/wp-content\/uploads\/2025\/05\/Fleurs-Mercat-Santa-Catalina-12-768x1152.jpg 768w, https:\/\/mercatdesantacatalina.com\/wp-content\/uploads\/2025\/05\/Fleurs-Mercat-Santa-Catalina-12-660x990.jpg 660w, https:\/\/mercatdesantacatalina.com\/wp-content\/uploads\/2025\/05\/Fleurs-Mercat-Santa-Catalina-12-1000x1500.jpg 1000w\" sizes=\"auto, (max-width: 1024px) 100vw, 1024px\" \/><\/a><\/figure>\n\n\n\n<figure class=\"wp-block-image size-full\"><a href=\"https:\/\/mercatdesantacatalina.com\/wp-content\/uploads\/2025\/05\/Fleurs-Mercat-Santa-Catalina-13.jpg\"><img loading=\"lazy\" decoding=\"async\" width=\"683\" height=\"1024\" data-id=\"4107\" src=\"https:\/\/mercatdesantacatalina.com\/wp-content\/uploads\/2025\/05\/Fleurs-Mercat-Santa-Catalina-13.jpg\" alt=\"Fleurs (Mercat Santa Catalina)\" class=\"wp-image-4107\" srcset=\"https:\/\/mercatdesantacatalina.com\/wp-content\/uploads\/2025\/05\/Fleurs-Mercat-Santa-Catalina-13.jpg 683w, https:\/\/mercatdesantacatalina.com\/wp-content\/uploads\/2025\/05\/Fleurs-Mercat-Santa-Catalina-13-200x300.jpg 200w, https:\/\/mercatdesantacatalina.com\/wp-content\/uploads\/2025\/05\/Fleurs-Mercat-Santa-Catalina-13-660x990.jpg 660w\" sizes=\"auto, (max-width: 683px) 100vw, 683px\" \/><\/a><\/figure>\n\n\n\n<figure class=\"wp-block-image size-full\"><a href=\"https:\/\/mercatdesantacatalina.com\/wp-content\/uploads\/2025\/05\/Fleurs-Mercat-Santa-Catalina-14.jpg\"><img loading=\"lazy\" decoding=\"async\" width=\"683\" height=\"1024\" data-id=\"4110\" src=\"https:\/\/mercatdesantacatalina.com\/wp-content\/uploads\/2025\/05\/Fleurs-Mercat-Santa-Catalina-14.jpg\" alt=\"Fleurs (Mercat Santa Catalina)\" class=\"wp-image-4110\" srcset=\"https:\/\/mercatdesantacatalina.com\/wp-content\/uploads\/2025\/05\/Fleurs-Mercat-Santa-Catalina-14.jpg 683w, https:\/\/mercatdesantacatalina.com\/wp-content\/uploads\/2025\/05\/Fleurs-Mercat-Santa-Catalina-14-200x300.jpg 200w, https:\/\/mercatdesantacatalina.com\/wp-content\/uploads\/2025\/05\/Fleurs-Mercat-Santa-Catalina-14-660x990.jpg 660w\" sizes=\"auto, (max-width: 683px) 100vw, 683px\" \/><\/a><\/figure>\n\n\n\n<figure class=\"wp-block-image size-full\"><a href=\"https:\/\/mercatdesantacatalina.com\/wp-content\/uploads\/2025\/05\/Fleurs-Mercat-Santa-Catalina-15.jpg\"><img loading=\"lazy\" decoding=\"async\" width=\"1024\" height=\"1536\" data-id=\"4113\" src=\"https:\/\/mercatdesantacatalina.com\/wp-content\/uploads\/2025\/05\/Fleurs-Mercat-Santa-Catalina-15.jpg\" alt=\"Fleurs (Mercat Santa Catalina)\" class=\"wp-image-4113\" srcset=\"https:\/\/mercatdesantacatalina.com\/wp-content\/uploads\/2025\/05\/Fleurs-Mercat-Santa-Catalina-15.jpg 1024w, https:\/\/mercatdesantacatalina.com\/wp-content\/uploads\/2025\/05\/Fleurs-Mercat-Santa-Catalina-15-200x300.jpg 200w, https:\/\/mercatdesantacatalina.com\/wp-content\/uploads\/2025\/05\/Fleurs-Mercat-Santa-Catalina-15-683x1024.jpg 683w, https:\/\/mercatdesantacatalina.com\/wp-content\/uploads\/2025\/05\/Fleurs-Mercat-Santa-Catalina-15-768x1152.jpg 768w, https:\/\/mercatdesantacatalina.com\/wp-content\/uploads\/2025\/05\/Fleurs-Mercat-Santa-Catalina-15-660x990.jpg 660w, https:\/\/mercatdesantacatalina.com\/wp-content\/uploads\/2025\/05\/Fleurs-Mercat-Santa-Catalina-15-1000x1500.jpg 1000w\" sizes=\"auto, (max-width: 1024px) 100vw, 1024px\" \/><\/a><\/figure>\n<\/figure>\n\n\n\n<figure class=\"wp-block-gallery has-nested-images columns-default is-cropped wp-block-gallery-2 is-layout-flex wp-block-gallery-is-layout-flex\">\n<figure class=\"wp-block-image size-full\"><a href=\"https:\/\/mercatdesantacatalina.com\/wp-content\/uploads\/2025\/05\/Fleurs-Mercat-Santa-Catalina-16.jpg\"><img loading=\"lazy\" decoding=\"async\" width=\"1024\" height=\"683\" data-id=\"4116\" src=\"https:\/\/mercatdesantacatalina.com\/wp-content\/uploads\/2025\/05\/Fleurs-Mercat-Santa-Catalina-16.jpg\" alt=\"Fleurs (Mercat Santa Catalina)\" class=\"wp-image-4116\" srcset=\"https:\/\/mercatdesantacatalina.com\/wp-content\/uploads\/2025\/05\/Fleurs-Mercat-Santa-Catalina-16.jpg 1024w, https:\/\/mercatdesantacatalina.com\/wp-content\/uploads\/2025\/05\/Fleurs-Mercat-Santa-Catalina-16-300x200.jpg 300w, https:\/\/mercatdesantacatalina.com\/wp-content\/uploads\/2025\/05\/Fleurs-Mercat-Santa-Catalina-16-768x512.jpg 768w, https:\/\/mercatdesantacatalina.com\/wp-content\/uploads\/2025\/05\/Fleurs-Mercat-Santa-Catalina-16-660x440.jpg 660w, https:\/\/mercatdesantacatalina.com\/wp-content\/uploads\/2025\/05\/Fleurs-Mercat-Santa-Catalina-16-1000x667.jpg 1000w, https:\/\/mercatdesantacatalina.com\/wp-content\/uploads\/2025\/05\/Fleurs-Mercat-Santa-Catalina-16-373x248.jpg 373w\" sizes=\"auto, (max-width: 1024px) 100vw, 1024px\" \/><\/a><\/figure>\n\n\n\n<figure class=\"wp-block-image size-full\"><a href=\"https:\/\/mercatdesantacatalina.com\/wp-content\/uploads\/2025\/05\/Fleurs-Mercat-Santa-Catalina-17.jpg\"><img loading=\"lazy\" decoding=\"async\" width=\"1024\" height=\"683\" data-id=\"4119\" src=\"https:\/\/mercatdesantacatalina.com\/wp-content\/uploads\/2025\/05\/Fleurs-Mercat-Santa-Catalina-17.jpg\" alt=\"Fleurs (Mercat Santa Catalina)\" class=\"wp-image-4119\" srcset=\"https:\/\/mercatdesantacatalina.com\/wp-content\/uploads\/2025\/05\/Fleurs-Mercat-Santa-Catalina-17.jpg 1024w, https:\/\/mercatdesantacatalina.com\/wp-content\/uploads\/2025\/05\/Fleurs-Mercat-Santa-Catalina-17-300x200.jpg 300w, https:\/\/mercatdesantacatalina.com\/wp-content\/uploads\/2025\/05\/Fleurs-Mercat-Santa-Catalina-17-768x512.jpg 768w, https:\/\/mercatdesantacatalina.com\/wp-content\/uploads\/2025\/05\/Fleurs-Mercat-Santa-Catalina-17-660x440.jpg 660w, https:\/\/mercatdesantacatalina.com\/wp-content\/uploads\/2025\/05\/Fleurs-Mercat-Santa-Catalina-17-1000x667.jpg 1000w, https:\/\/mercatdesantacatalina.com\/wp-content\/uploads\/2025\/05\/Fleurs-Mercat-Santa-Catalina-17-373x248.jpg 373w\" sizes=\"auto, (max-width: 1024px) 100vw, 1024px\" \/><\/a><\/figure>\n<\/figure>\n","protected":false},"excerpt":{"rendered":"<p>Parades 82-83<\/p>\n","protected":false},"author":2,"featured_media":4122,"comment_status":"closed","ping_status":"closed","sticky":false,"template":"","format":"standard","meta":{"footnotes":""},"categories":[30,38,37],"tags":[],"class_list":["post-294","post","type-post","status-publish","format-standard","has-post-thumbnail","hentry","category-floristeria-ca","category-parada","category-puesto"],"yoast_head":"<!-- This site is optimized with the Yoast SEO plugin v27.5 - https:\/\/yoast.com\/product\/yoast-seo-wordpress\/ -->\n<title>Fleurs Santa Catalina - Mercat de Santa Catalina<\/title>\n<meta name=\"robots\" content=\"index, follow, max-snippet:-1, max-image-preview:large, max-video-preview:-1\" \/>\n<link rel=\"canonical\" href=\"https:\/\/mercatdesantacatalina.com\/ca\/fleurs-santa-catalina\/\" \/>\n<meta property=\"og:locale\" content=\"ca_ES\" \/>\n<meta property=\"og:type\" content=\"article\" \/>\n<meta property=\"og:title\" content=\"Fleurs Santa Catalina - Mercat de Santa Catalina\" \/>\n<meta property=\"og:description\" content=\"Parades 82-83\" \/>\n<meta property=\"og:url\" content=\"https:\/\/mercatdesantacatalina.com\/ca\/fleurs-santa-catalina\/\" \/>\n<meta property=\"og:site_name\" content=\"Mercat de Santa Catalina\" \/>\n<meta property=\"article:publisher\" content=\"https:\/\/www.facebook.com\/mercatsantacatalina\/\" \/>\n<meta property=\"article:published_time\" content=\"2025-05-06T11:35:47+00:00\" \/>\n<meta property=\"article:modified_time\" content=\"2025-06-16T16:11:24+00:00\" \/>\n<meta property=\"og:image\" content=\"https:\/\/mercatdesantacatalina.com\/wp-content\/uploads\/2025\/05\/Fleurs-Mercat-Santa-Catalina-9b.jpg\" \/>\n\t<meta property=\"og:image:width\" content=\"1024\" \/>\n\t<meta property=\"og:image:height\" content=\"682\" \/>\n\t<meta property=\"og:image:type\" content=\"image\/jpeg\" \/>\n<meta name=\"author\" content=\"Mercat de Santa Catalina\" \/>\n<meta name=\"twitter:card\" content=\"summary_large_image\" \/>\n<meta name=\"twitter:label1\" content=\"Escrit per\" \/>\n\t<meta name=\"twitter:data1\" content=\"Mercat de Santa Catalina\" \/>\n\t<meta name=\"twitter:label2\" content=\"Temps estimat de lectura\" \/>\n\t<meta name=\"twitter:data2\" content=\"5 minuts\" \/>\n<script type=\"application\/ld+json\" class=\"yoast-schema-graph\">{\"@context\":\"https:\\\/\\\/schema.org\",\"@graph\":[{\"@type\":\"Article\",\"@id\":\"https:\\\/\\\/mercatdesantacatalina.com\\\/ca\\\/fleurs-santa-catalina\\\/#article\",\"isPartOf\":{\"@id\":\"https:\\\/\\\/mercatdesantacatalina.com\\\/ca\\\/fleurs-santa-catalina\\\/\"},\"author\":{\"name\":\"Mercat de Santa Catalina\",\"@id\":\"https:\\\/\\\/mercatdesantacatalina.com\\\/ca\\\/#\\\/schema\\\/person\\\/f2dd5c6ee9b925c30cffdcf60aea95ff\"},\"headline\":\"Fleurs Santa Catalina\",\"datePublished\":\"2025-05-06T11:35:47+00:00\",\"dateModified\":\"2025-06-16T16:11:24+00:00\",\"mainEntityOfPage\":{\"@id\":\"https:\\\/\\\/mercatdesantacatalina.com\\\/ca\\\/fleurs-santa-catalina\\\/\"},\"wordCount\":178,\"publisher\":{\"@id\":\"https:\\\/\\\/mercatdesantacatalina.com\\\/ca\\\/#organization\"},\"image\":{\"@id\":\"https:\\\/\\\/mercatdesantacatalina.com\\\/ca\\\/fleurs-santa-catalina\\\/#primaryimage\"},\"thumbnailUrl\":\"https:\\\/\\\/mercatdesantacatalina.com\\\/wp-content\\\/uploads\\\/2025\\\/05\\\/Fleurs-Mercat-Santa-Catalina-9b.jpg\",\"articleSection\":[\"Floristeries\",\"Parades\",\"Puestos\"],\"inLanguage\":\"ca\"},{\"@type\":\"WebPage\",\"@id\":\"https:\\\/\\\/mercatdesantacatalina.com\\\/ca\\\/fleurs-santa-catalina\\\/\",\"url\":\"https:\\\/\\\/mercatdesantacatalina.com\\\/ca\\\/fleurs-santa-catalina\\\/\",\"name\":\"Fleurs Santa Catalina - Mercat de Santa Catalina\",\"isPartOf\":{\"@id\":\"https:\\\/\\\/mercatdesantacatalina.com\\\/ca\\\/#website\"},\"primaryImageOfPage\":{\"@id\":\"https:\\\/\\\/mercatdesantacatalina.com\\\/ca\\\/fleurs-santa-catalina\\\/#primaryimage\"},\"image\":{\"@id\":\"https:\\\/\\\/mercatdesantacatalina.com\\\/ca\\\/fleurs-santa-catalina\\\/#primaryimage\"},\"thumbnailUrl\":\"https:\\\/\\\/mercatdesantacatalina.com\\\/wp-content\\\/uploads\\\/2025\\\/05\\\/Fleurs-Mercat-Santa-Catalina-9b.jpg\",\"datePublished\":\"2025-05-06T11:35:47+00:00\",\"dateModified\":\"2025-06-16T16:11:24+00:00\",\"breadcrumb\":{\"@id\":\"https:\\\/\\\/mercatdesantacatalina.com\\\/ca\\\/fleurs-santa-catalina\\\/#breadcrumb\"},\"inLanguage\":\"ca\",\"potentialAction\":[{\"@type\":\"ReadAction\",\"target\":[\"https:\\\/\\\/mercatdesantacatalina.com\\\/ca\\\/fleurs-santa-catalina\\\/\"]}]},{\"@type\":\"ImageObject\",\"inLanguage\":\"ca\",\"@id\":\"https:\\\/\\\/mercatdesantacatalina.com\\\/ca\\\/fleurs-santa-catalina\\\/#primaryimage\",\"url\":\"https:\\\/\\\/mercatdesantacatalina.com\\\/wp-content\\\/uploads\\\/2025\\\/05\\\/Fleurs-Mercat-Santa-Catalina-9b.jpg\",\"contentUrl\":\"https:\\\/\\\/mercatdesantacatalina.com\\\/wp-content\\\/uploads\\\/2025\\\/05\\\/Fleurs-Mercat-Santa-Catalina-9b.jpg\",\"width\":1024,\"height\":682,\"caption\":\"Fleurs (Mercat Santa Catalina)\"},{\"@type\":\"BreadcrumbList\",\"@id\":\"https:\\\/\\\/mercatdesantacatalina.com\\\/ca\\\/fleurs-santa-catalina\\\/#breadcrumb\",\"itemListElement\":[{\"@type\":\"ListItem\",\"position\":1,\"name\":\"Portada\",\"item\":\"https:\\\/\\\/mercatdesantacatalina.com\\\/ca\\\/inici\\\/\"},{\"@type\":\"ListItem\",\"position\":2,\"name\":\"Fleurs Santa Catalina\"}]},{\"@type\":\"WebSite\",\"@id\":\"https:\\\/\\\/mercatdesantacatalina.com\\\/ca\\\/#website\",\"url\":\"https:\\\/\\\/mercatdesantacatalina.com\\\/ca\\\/\",\"name\":\"Mercat de Santa Catalina\",\"description\":\"Mercado municipal decano de Palma\",\"publisher\":{\"@id\":\"https:\\\/\\\/mercatdesantacatalina.com\\\/ca\\\/#organization\"},\"potentialAction\":[{\"@type\":\"SearchAction\",\"target\":{\"@type\":\"EntryPoint\",\"urlTemplate\":\"https:\\\/\\\/mercatdesantacatalina.com\\\/ca\\\/?s={search_term_string}\"},\"query-input\":{\"@type\":\"PropertyValueSpecification\",\"valueRequired\":true,\"valueName\":\"search_term_string\"}}],\"inLanguage\":\"ca\"},{\"@type\":\"Organization\",\"@id\":\"https:\\\/\\\/mercatdesantacatalina.com\\\/ca\\\/#organization\",\"name\":\"Mercat de Santa Catalina\",\"url\":\"https:\\\/\\\/mercatdesantacatalina.com\\\/ca\\\/\",\"logo\":{\"@type\":\"ImageObject\",\"inLanguage\":\"ca\",\"@id\":\"https:\\\/\\\/mercatdesantacatalina.com\\\/ca\\\/#\\\/schema\\\/logo\\\/image\\\/\",\"url\":\"https:\\\/\\\/mercatdesantacatalina.com\\\/wp-content\\\/uploads\\\/2025\\\/05\\\/Logo-Mercat-Santa-Catalina-1000px.png\",\"contentUrl\":\"https:\\\/\\\/mercatdesantacatalina.com\\\/wp-content\\\/uploads\\\/2025\\\/05\\\/Logo-Mercat-Santa-Catalina-1000px.png\",\"width\":1000,\"height\":1000,\"caption\":\"Mercat de Santa Catalina\"},\"image\":{\"@id\":\"https:\\\/\\\/mercatdesantacatalina.com\\\/ca\\\/#\\\/schema\\\/logo\\\/image\\\/\"},\"sameAs\":[\"https:\\\/\\\/www.facebook.com\\\/mercatsantacatalina\\\/\",\"https:\\\/\\\/www.instagram.com\\\/mercatdesantacatalina\\\/\"]},{\"@type\":\"Person\",\"@id\":\"https:\\\/\\\/mercatdesantacatalina.com\\\/ca\\\/#\\\/schema\\\/person\\\/f2dd5c6ee9b925c30cffdcf60aea95ff\",\"name\":\"Mercat de Santa Catalina\",\"image\":{\"@type\":\"ImageObject\",\"inLanguage\":\"ca\",\"@id\":\"https:\\\/\\\/secure.gravatar.com\\\/avatar\\\/795a64c0fdef9a073a2789bc748f43c21362dbab78e5889fa196f88e37df7b5d?s=96&d=mm&r=g\",\"url\":\"https:\\\/\\\/secure.gravatar.com\\\/avatar\\\/795a64c0fdef9a073a2789bc748f43c21362dbab78e5889fa196f88e37df7b5d?s=96&d=mm&r=g\",\"contentUrl\":\"https:\\\/\\\/secure.gravatar.com\\\/avatar\\\/795a64c0fdef9a073a2789bc748f43c21362dbab78e5889fa196f88e37df7b5d?s=96&d=mm&r=g\",\"caption\":\"Mercat de Santa Catalina\"},\"description\":\"Mercat municipal de Santa Catalina (Palma).\",\"sameAs\":[\"https:\\\/\\\/mercatdesantacatalina.com\\\/\"]}]}<\/script>\n<!-- \/ Yoast SEO plugin. -->","yoast_head_json":{"title":"Fleurs Santa Catalina - Mercat de Santa Catalina","robots":{"index":"index","follow":"follow","max-snippet":"max-snippet:-1","max-image-preview":"max-image-preview:large","max-video-preview":"max-video-preview:-1"},"canonical":"https:\/\/mercatdesantacatalina.com\/ca\/fleurs-santa-catalina\/","og_locale":"ca_ES","og_type":"article","og_title":"Fleurs Santa Catalina - Mercat de Santa Catalina","og_description":"Parades 82-83","og_url":"https:\/\/mercatdesantacatalina.com\/ca\/fleurs-santa-catalina\/","og_site_name":"Mercat de Santa Catalina","article_publisher":"https:\/\/www.facebook.com\/mercatsantacatalina\/","article_published_time":"2025-05-06T11:35:47+00:00","article_modified_time":"2025-06-16T16:11:24+00:00","og_image":[{"width":1024,"height":682,"url":"https:\/\/mercatdesantacatalina.com\/wp-content\/uploads\/2025\/05\/Fleurs-Mercat-Santa-Catalina-9b.jpg","type":"image\/jpeg"}],"author":"Mercat de Santa Catalina","twitter_card":"summary_large_image","twitter_misc":{"Escrit per":"Mercat de Santa Catalina","Temps estimat de lectura":"5 minuts"},"schema":{"@context":"https:\/\/schema.org","@graph":[{"@type":"Article","@id":"https:\/\/mercatdesantacatalina.com\/ca\/fleurs-santa-catalina\/#article","isPartOf":{"@id":"https:\/\/mercatdesantacatalina.com\/ca\/fleurs-santa-catalina\/"},"author":{"name":"Mercat de Santa Catalina","@id":"https:\/\/mercatdesantacatalina.com\/ca\/#\/schema\/person\/f2dd5c6ee9b925c30cffdcf60aea95ff"},"headline":"Fleurs Santa Catalina","datePublished":"2025-05-06T11:35:47+00:00","dateModified":"2025-06-16T16:11:24+00:00","mainEntityOfPage":{"@id":"https:\/\/mercatdesantacatalina.com\/ca\/fleurs-santa-catalina\/"},"wordCount":178,"publisher":{"@id":"https:\/\/mercatdesantacatalina.com\/ca\/#organization"},"image":{"@id":"https:\/\/mercatdesantacatalina.com\/ca\/fleurs-santa-catalina\/#primaryimage"},"thumbnailUrl":"https:\/\/mercatdesantacatalina.com\/wp-content\/uploads\/2025\/05\/Fleurs-Mercat-Santa-Catalina-9b.jpg","articleSection":["Floristeries","Parades","Puestos"],"inLanguage":"ca"},{"@type":"WebPage","@id":"https:\/\/mercatdesantacatalina.com\/ca\/fleurs-santa-catalina\/","url":"https:\/\/mercatdesantacatalina.com\/ca\/fleurs-santa-catalina\/","name":"Fleurs Santa Catalina - Mercat de Santa Catalina","isPartOf":{"@id":"https:\/\/mercatdesantacatalina.com\/ca\/#website"},"primaryImageOfPage":{"@id":"https:\/\/mercatdesantacatalina.com\/ca\/fleurs-santa-catalina\/#primaryimage"},"image":{"@id":"https:\/\/mercatdesantacatalina.com\/ca\/fleurs-santa-catalina\/#primaryimage"},"thumbnailUrl":"https:\/\/mercatdesantacatalina.com\/wp-content\/uploads\/2025\/05\/Fleurs-Mercat-Santa-Catalina-9b.jpg","datePublished":"2025-05-06T11:35:47+00:00","dateModified":"2025-06-16T16:11:24+00:00","breadcrumb":{"@id":"https:\/\/mercatdesantacatalina.com\/ca\/fleurs-santa-catalina\/#breadcrumb"},"inLanguage":"ca","potentialAction":[{"@type":"ReadAction","target":["https:\/\/mercatdesantacatalina.com\/ca\/fleurs-santa-catalina\/"]}]},{"@type":"ImageObject","inLanguage":"ca","@id":"https:\/\/mercatdesantacatalina.com\/ca\/fleurs-santa-catalina\/#primaryimage","url":"https:\/\/mercatdesantacatalina.com\/wp-content\/uploads\/2025\/05\/Fleurs-Mercat-Santa-Catalina-9b.jpg","contentUrl":"https:\/\/mercatdesantacatalina.com\/wp-content\/uploads\/2025\/05\/Fleurs-Mercat-Santa-Catalina-9b.jpg","width":1024,"height":682,"caption":"Fleurs (Mercat Santa Catalina)"},{"@type":"BreadcrumbList","@id":"https:\/\/mercatdesantacatalina.com\/ca\/fleurs-santa-catalina\/#breadcrumb","itemListElement":[{"@type":"ListItem","position":1,"name":"Portada","item":"https:\/\/mercatdesantacatalina.com\/ca\/inici\/"},{"@type":"ListItem","position":2,"name":"Fleurs Santa Catalina"}]},{"@type":"WebSite","@id":"https:\/\/mercatdesantacatalina.com\/ca\/#website","url":"https:\/\/mercatdesantacatalina.com\/ca\/","name":"Mercat de Santa Catalina","description":"Mercado municipal decano de Palma","publisher":{"@id":"https:\/\/mercatdesantacatalina.com\/ca\/#organization"},"potentialAction":[{"@type":"SearchAction","target":{"@type":"EntryPoint","urlTemplate":"https:\/\/mercatdesantacatalina.com\/ca\/?s={search_term_string}"},"query-input":{"@type":"PropertyValueSpecification","valueRequired":true,"valueName":"search_term_string"}}],"inLanguage":"ca"},{"@type":"Organization","@id":"https:\/\/mercatdesantacatalina.com\/ca\/#organization","name":"Mercat de Santa Catalina","url":"https:\/\/mercatdesantacatalina.com\/ca\/","logo":{"@type":"ImageObject","inLanguage":"ca","@id":"https:\/\/mercatdesantacatalina.com\/ca\/#\/schema\/logo\/image\/","url":"https:\/\/mercatdesantacatalina.com\/wp-content\/uploads\/2025\/05\/Logo-Mercat-Santa-Catalina-1000px.png","contentUrl":"https:\/\/mercatdesantacatalina.com\/wp-content\/uploads\/2025\/05\/Logo-Mercat-Santa-Catalina-1000px.png","width":1000,"height":1000,"caption":"Mercat de Santa Catalina"},"image":{"@id":"https:\/\/mercatdesantacatalina.com\/ca\/#\/schema\/logo\/image\/"},"sameAs":["https:\/\/www.facebook.com\/mercatsantacatalina\/","https:\/\/www.instagram.com\/mercatdesantacatalina\/"]},{"@type":"Person","@id":"https:\/\/mercatdesantacatalina.com\/ca\/#\/schema\/person\/f2dd5c6ee9b925c30cffdcf60aea95ff","name":"Mercat de Santa Catalina","image":{"@type":"ImageObject","inLanguage":"ca","@id":"https:\/\/secure.gravatar.com\/avatar\/795a64c0fdef9a073a2789bc748f43c21362dbab78e5889fa196f88e37df7b5d?s=96&d=mm&r=g","url":"https:\/\/secure.gravatar.com\/avatar\/795a64c0fdef9a073a2789bc748f43c21362dbab78e5889fa196f88e37df7b5d?s=96&d=mm&r=g","contentUrl":"https:\/\/secure.gravatar.com\/avatar\/795a64c0fdef9a073a2789bc748f43c21362dbab78e5889fa196f88e37df7b5d?s=96&d=mm&r=g","caption":"Mercat de Santa Catalina"},"description":"Mercat municipal de Santa Catalina (Palma).","sameAs":["https:\/\/mercatdesantacatalina.com\/"]}]}},"_links":{"self":[{"href":"https:\/\/mercatdesantacatalina.com\/ca\/wp-json\/wp\/v2\/posts\/294","targetHints":{"allow":["GET"]}}],"collection":[{"href":"https:\/\/mercatdesantacatalina.com\/ca\/wp-json\/wp\/v2\/posts"}],"about":[{"href":"https:\/\/mercatdesantacatalina.com\/ca\/wp-json\/wp\/v2\/types\/post"}],"author":[{"embeddable":true,"href":"https:\/\/mercatdesantacatalina.com\/ca\/wp-json\/wp\/v2\/users\/2"}],"replies":[{"embeddable":true,"href":"https:\/\/mercatdesantacatalina.com\/ca\/wp-json\/wp\/v2\/comments?post=294"}],"version-history":[{"count":6,"href":"https:\/\/mercatdesantacatalina.com\/ca\/wp-json\/wp\/v2\/posts\/294\/revisions"}],"predecessor-version":[{"id":5658,"href":"https:\/\/mercatdesantacatalina.com\/ca\/wp-json\/wp\/v2\/posts\/294\/revisions\/5658"}],"wp:featuredmedia":[{"embeddable":true,"href":"https:\/\/mercatdesantacatalina.com\/ca\/wp-json\/wp\/v2\/media\/4122"}],"wp:attachment":[{"href":"https:\/\/mercatdesantacatalina.com\/ca\/wp-json\/wp\/v2\/media?parent=294"}],"wp:term":[{"taxonomy":"category","embeddable":true,"href":"https:\/\/mercatdesantacatalina.com\/ca\/wp-json\/wp\/v2\/categories?post=294"},{"taxonomy":"post_tag","embeddable":true,"href":"https:\/\/mercatdesantacatalina.com\/ca\/wp-json\/wp\/v2\/tags?post=294"}],"curies":[{"name":"wp","href":"https:\/\/api.w.org\/{rel}","templated":true}]}}